{"id":6369,"date":"2026-07-21T11:46:37","date_gmt":"2026-07-21T09:46:37","guid":{"rendered":"https:\/\/stockeet.ch\/blog\/guia-pratico-para-particulares-como-escolher-bem-o-aluguer-de-um-espaco-de-armazenamento\/"},"modified":"2026-08-05T14:45:50","modified_gmt":"2026-08-05T12:45:50","slug":"guia-pratico-para-particulares-como-escolher-bem-o-aluguer-de-um-espaco-de-armazenamento","status":"publish","type":"article-de-blog","link":"https:\/\/stockeet.ch\/pt-pt\/blog\/guia-pratico-para-particulares-como-escolher-bem-o-aluguer-de-um-espaco-de-armazenamento\/","title":{"rendered":"Guia pr\u00e1tico para particulares: Como escolher bem o aluguer de um espa\u00e7o de armazenamento?"},"content":{"rendered":"\n<p class=\"wp-block-paragraph\">Est\u00e1 a passar por uma mudan\u00e7a na sua vida? Quer se trate de uma mudan\u00e7a de casa, de uma remodela\u00e7\u00e3o completa, da chegada de um filho ou simplesmente da necessidade urgente de desarrumar a sua casa para recuperar espa\u00e7o, a quest\u00e3o surge inevitavelmente: onde guardar todas essas coisas de que tanto gosta? <\/p>\n\n<p class=\"wp-block-paragraph\">Fique tranquilo, procurar um <strong>espa\u00e7o de armazenamento para alugar<\/strong> j\u00e1 n\u00e3o tem de ser motivo de stress. Hoje em dia, guardar os seus bens assemelha-se mais a um passo positivo na organiza\u00e7\u00e3o pessoal. \u00c9 a oportunidade de dar os primeiros passos na <a href=\"https:\/\/stockeet.ch\/pt-pt\/blog\/viver-melhor-com-menos-as-chaves-do-minimalismo\/\">arte de desentulhar, rumo a uma vida minimalista<\/a>, ao mesmo tempo que liberta a sua mente!  <\/p>\n\n<p class=\"wp-block-paragraph\">Para o ajudar a perceber melhor, analis\u00e1mos para si os <strong>diferentes tipos de espa\u00e7os de armazenamento<\/strong> destinados a particulares. Descubra o panorama completo das solu\u00e7\u00f5es existentes para identificar aquela que melhor se adapta \u00e0s suas necessidades de liberdade e tranquilidade. <\/p>\n\n<h2 class=\"wp-block-heading\"><strong>Por que precisa de alugar um espa\u00e7o de armazenamento?<\/strong><\/h2>\n\n<p class=\"wp-block-paragraph\">Antes de escolher a solu\u00e7\u00e3o t\u00e9cnica, \u00e9 importante identificar a natureza da sua necessidade. Os particulares recorrem geralmente ao armazenamento externo por tr\u00eas grandes raz\u00f5es: <\/p>\n\n<ul class=\"wp-block-list\">\n<li><strong>Transi\u00e7\u00f5es de vida (necessidade tempor\u00e1ria)<\/strong>: Uma mudan\u00e7a com um intervalo entre duas habita\u00e7\u00f5es, uma separa\u00e7\u00e3o ou uma transfer\u00eancia profissional. Trata-se de uma solu\u00e7\u00e3o muito procurada pelos rec\u00e9m-chegados que pretendem <a href=\"https:\/\/stockeet.ch\/pt-pt\/blog\/mudar-se-para-a-suica-o-guia-completo-em-5-passos-para-estrangeiros\/\">organizar a sua instala\u00e7\u00e3o na Su\u00ed\u00e7a<\/a>, armazenando os seus m\u00f3veis at\u00e9 encontrarem a sua futura habita\u00e7\u00e3o definitiva. A necessidade \u00e9 pontual, mas requer um acesso f\u00e1cil para ir recolhendo os seus bens aos poucos.  <\/li>\n\n\n\n<li><strong>Obras e renova\u00e7\u00f5es (A necessidade de prote\u00e7\u00e3o)<\/strong>: Pintar de novo ou derrubar uma parede divis\u00f3ria exige esvaziar a divis\u00e3o. Para estes projetos de remodela\u00e7\u00e3o interior, aplicar as <a href=\"https:\/\/stockeet.ch\/pt-pt\/blog\/obras-de-renovacao-como-proteger-os-seus-moveis\/\">boas pr\u00e1ticas de prote\u00e7\u00e3o do mobili\u00e1rio<\/a> \u00e9 fundamental para evitar danos causados pelo p\u00f3 e pelos impactos. Se se est\u00e1 a perguntar <a href=\"https:\/\/stockeet.ch\/pt-pt\/blog\/renovacao-optar-por-uma-caixa-segura-para-alugar\/\">por que raz\u00e3o deve optar pelo aluguer de um armaz\u00e9m durante uma remodela\u00e7\u00e3o<\/a>, saiba que, neste caso, a prote\u00e7\u00e3o contra o p\u00f3 e a humidade \u00e9 o crit\u00e9rio n\u00famero um.  <\/li>\n\n\n\n<li><strong>A otimiza\u00e7\u00e3o do espa\u00e7o dom\u00e9stico (uma necessidade a longo prazo)<\/strong>: Guardar o equipamento de esqui, os artigos de puericultura do mais novo dos filhos ou os m\u00f3veis herdados que n\u00e3o se quer deitar fora, mas que ocupam espa\u00e7o no apartamento.<\/li>\n<\/ul>\n\n<p class=\"wp-block-paragraph\">Dependendo da sua situa\u00e7\u00e3o, o tipo de espa\u00e7o a privilegiar n\u00e3o ser\u00e1 o mesmo.<\/p>\n\n<h2 class=\"wp-block-heading\"><strong>Os diferentes tipos de espa\u00e7os de armazenamento para particulares<\/strong><\/h2>\n\n<figure class=\"wp-block-image size-full\"><a href=\"https:\/\/stockeet.ch\/wp-content\/uploads\/2026\/07\/stockeet-divers-types-stockages-2.png\"><img fetchpriority=\"high\" decoding=\"async\" width=\"924\" height=\"500\" src=\"https:\/\/stockeet.ch\/wp-content\/uploads\/2026\/07\/stockeet-divers-types-stockages-2.png\" alt=\"Homem a segurar o seu smartphone com chave digital em frente ao seu armaz&#xE9;m Stockeet aberto, situado em Aclens, a 15 minutos de Lausanne\" class=\"wp-image-6331\" srcset=\"https:\/\/stockeet.ch\/wp-content\/uploads\/2026\/07\/stockeet-divers-types-stockages-2.png 924w, https:\/\/stockeet.ch\/wp-content\/uploads\/2026\/07\/stockeet-divers-types-stockages-2-300x162.png 300w, https:\/\/stockeet.ch\/wp-content\/uploads\/2026\/07\/stockeet-divers-types-stockages-2-768x416.png 768w, https:\/\/stockeet.ch\/wp-content\/uploads\/2026\/07\/stockeet-divers-types-stockages-2-150x81.png 150w\" sizes=\"(max-width: 924px) 100vw, 924px\" \/><\/a><\/figure>\n\n<p class=\"wp-block-paragraph\">O mercado do armazenamento para particulares modernizou-se consideravelmente. Acabaram-se os armaz\u00e9ns empoeirados; as solu\u00e7\u00f5es adaptam-se agora \u00e0s suas necessidades de vida e de mobilidade. <\/p>\n\n<h3 class=\"wp-block-heading\"><strong>1. O armaz\u00e9m de autoarmazenamento: liberdade total<\/strong><\/h3>\n\n<p class=\"wp-block-paragraph\">O self-storage (\u00abarmazenamento self-service\u00bb) \u00e9 a resposta moderna \u00e0s nossas vidas a um ritmo fren\u00e9tico. Aluga-se um espa\u00e7o privado e seguro, com exatamente o tamanho que desejar, situado num centro especializado. <\/p>\n\n<ul class=\"wp-block-list\">\n<li><strong>As vantagens<\/strong>: A independ\u00eancia \u00e9 total. Disp\u00f5e do seu pr\u00f3prio c\u00f3digo de acesso e pode ir buscar uma caixa que tenha esquecido ou deixar um novo m\u00f3vel <strong>24 horas por dia, 7 dias por semana<\/strong>, com total autonomia. Os contratos s\u00e3o extremamente flex\u00edveis (muitas vezes sem compromisso de dura\u00e7\u00e3o).  <\/li>\n\n\n\n<li><strong>As limita\u00e7\u00f5es<\/strong>:  \n<ul class=\"wp-block-list\">\n<li>\u00c9 necess\u00e1rio estimar bem o seu volume \u00e0 partida para n\u00e3o pagar por espa\u00e7o vazio, embora seja muito f\u00e1cil alterar o tamanho do arm\u00e1rio ao longo do processo.<\/li>\n\n\n\n<li>\u00c9 obrigat\u00f3rio respeitar o regulamento do centro e as <a href=\"https:\/\/www.bwo.admin.ch\/dam\/fr\/sd-web\/gVW-N4PmomZE\/brandschutzrichtlinie.pdf\" target=\"_blank\" rel=\"noreferrer noopener\">diretrizes de seguran\u00e7a contra inc\u00eandios da AEAI<\/a>: certifique-se de verificar <a href=\"https:\/\/stockeet.ch\/pt-pt\/blog\/produtos-proibidos-numa-unidade-de-armazenamento-na-suica\/\">o que n\u00e3o \u00e9 permitido armazenar num arm\u00e1rio<\/a> (produtos perigosos, alimentos perec\u00edveis) antes de guardar os seus pertences.<\/li>\n<\/ul>\n<\/li>\n<\/ul>\n\n<h3 class=\"wp-block-heading\"><strong>2. O armaz\u00e9m de guarda-roupa seguro: a op\u00e7\u00e3o cl\u00e1ssica<\/strong><\/h3>\n\n<p class=\"wp-block-paragraph\">Historicamente, esta \u00e9 a solu\u00e7\u00e3o mais conhecida, frequentemente proposta diretamente pelas empresas de mudan\u00e7as. Os seus bens s\u00e3o colocados em grandes caixas de madeira (as \u00abcaixas seladas\u00bb), fechadas e empilhadas em amplos armaz\u00e9ns. <\/p>\n\n<ul class=\"wp-block-list\">\n<li><strong>As vantagens<\/strong>: Trata-se de uma solu\u00e7\u00e3o muito segura e protegida, ideal para um per\u00edodo muito longo, em que sabe que n\u00e3o vai precisar de nada (por exemplo, uma estadia no estrangeiro durante v\u00e1rios anos).<\/li>\n\n\n\n<li><strong>As limita\u00e7\u00f5es<\/strong>: A grave falta de flexibilidade. N\u00e3o \u00e9 poss\u00edvel aceder aos seus pertences de forma espont\u00e2nea. \u00c9 necess\u00e1rio marcar uma visita, e ser\u00e3o cobradas taxas de disponibiliza\u00e7\u00e3o ou de manuseamento em cada visita.  <\/li>\n<\/ul>\n\n<h3 class=\"wp-block-heading\"><strong>3. O armazenamento partilhado entre particulares: a alternativa econ\u00f3mica<\/strong><\/h3>\n\n<p class=\"wp-block-paragraph\">Gra\u00e7as \u00e0s plataformas colaborativas na Internet, passou a ser poss\u00edvel alugar a cave, o s\u00f3t\u00e3o ou a garagem de um particular perto de si.<\/p>\n\n<ul class=\"wp-block-list\">\n<li><strong>As vantagens<\/strong>: \u00c9 frequentemente a op\u00e7\u00e3o mais econ\u00f3mica do mercado, promovendo a economia local.<\/li>\n\n\n\n<li><strong>As limita\u00e7\u00f5es<\/strong>: A seguran\u00e7a e a humidade relativa nem sempre est\u00e3o garantidas (riscos de humidade e de roedores). Al\u00e9m disso, o acesso depende inteiramente da disponibilidade do seu anfitri\u00e3o, o que exige alguma organiza\u00e7\u00e3o.  Se tiver a possibilidade de utilizar as caves do seu edif\u00edcio, aconselhamos-lhe a ponderar os pr\u00f3s e os contras antes de <a href=\"https:\/\/stockeet.ch\/pt-pt\/blog\/aluguer-de-uma-cave-ou-de-uma-box-guia-pratico\/\">alugar uma cave ou um espa\u00e7o de armazenamento profissional<\/a>.<\/li>\n<\/ul>\n\n<h3 class=\"wp-block-heading\"><strong>4. As solu\u00e7\u00f5es alternativas: armazenamento m\u00f3vel e armazenamento de inverno<\/strong><\/h3>\n\n<ul class=\"wp-block-list\">\n<li><strong>Armazenamento m\u00f3vel (Pod storage)<\/strong>: \u00c9-lhe entregue um contentor \u00e0 sua porta. Enche-o ao seu ritmo e, depois, a empresa vem busc\u00e1-lo para o armazenar no seu armaz\u00e9m. \u00c9 muito pr\u00e1tico para evitar ter de alugar um cami\u00e3o, mas menos flex\u00edvel no que diz respeito ao acesso regular.  <\/li>\n\n\n\n<li><strong>Estacionamento de inverno<\/strong>: Trata-se de lugares de estacionamento ou de grandes hangares partilhados (muitas vezes no campo) destinados ao estacionamento de longa dura\u00e7\u00e3o dos seus ve\u00edculos de lazer (autocaravanas, caravanas, barcos) fora da \u00e9poca alta.<\/li>\n<\/ul>\n\n<div class=\"wp-block-group a-retenir is-vertical is-layout-flex wp-container-core-group-is-layout-4fc3f8e1 wp-block-group-is-layout-flex\">\n<p class=\"wp-block-paragraph\"><strong>A reter:<\/strong><\/p>\n\n\n\n<p class=\"wp-block-paragraph\">Embora o armazenamento partilhado seja adequado para or\u00e7amentos reduzidos e o armaz\u00e9m de guarda-roupas para partidas para destinos long\u00ednquos, o <strong>armazenamento self-storage<\/strong> continua a ser a \u00fanica op\u00e7\u00e3o que lhe oferece total liberdade de acesso, seguran\u00e7a profissional e uma adapta\u00e7\u00e3o perfeita ao seu dia-a-dia.<\/p>\n<\/div>\n\n<figure class=\"wp-block-image size-full\"><a href=\"https:\/\/stockeet.ch\/wp-content\/uploads\/2026\/07\/stockeet-divers-types-stockages-3.png\"><img decoding=\"async\" width=\"924\" height=\"500\" src=\"https:\/\/stockeet.ch\/wp-content\/uploads\/2026\/07\/stockeet-divers-types-stockages-3.png\" alt=\"Ilustra&#xE7;&#xE3;o comparativa entre um armaz&#xE9;m tradicional de madeira e um centro de armazenamento self-storage moderno\" class=\"wp-image-6337\" srcset=\"https:\/\/stockeet.ch\/wp-content\/uploads\/2026\/07\/stockeet-divers-types-stockages-3.png 924w, https:\/\/stockeet.ch\/wp-content\/uploads\/2026\/07\/stockeet-divers-types-stockages-3-300x162.png 300w, https:\/\/stockeet.ch\/wp-content\/uploads\/2026\/07\/stockeet-divers-types-stockages-3-768x416.png 768w, https:\/\/stockeet.ch\/wp-content\/uploads\/2026\/07\/stockeet-divers-types-stockages-3-150x81.png 150w\" sizes=\"(max-width: 924px) 100vw, 924px\" \/><\/a><\/figure>\n\n<p class=\"wp-block-paragraph\">Para facilitar a sua decis\u00e3o, eis uma compara\u00e7\u00e3o r\u00e1pida das duas solu\u00e7\u00f5es mais procuradas pelos particulares para proteger os seus bens. Se estiver indeciso entre as diferentes op\u00e7\u00f5es dispon\u00edveis no mercado, n\u00e3o hesite em ler <a href=\"https:\/\/stockeet.ch\/pt-pt\/blog\/guia-pratico-para-particulares-como-escolher-bem-o-aluguer-de-um-espaco-de-armazenamento\/\">a nossa compara\u00e7\u00e3o entre armaz\u00e9ns de guarda e self-storage<\/a> para perceber qual a op\u00e7\u00e3o que melhor se adapta ao seu or\u00e7amento. <\/p>\n\n<figure class=\"wp-block-table\"><table class=\"has-fixed-layout\"><thead><tr><th><strong>Crit\u00e9rios<\/strong><\/th><th><strong>Armaz\u00e9m de m\u00f3veis cl\u00e1ssico<\/strong><\/th><th><strong>Arrecada\u00e7\u00e3o self-storage<\/strong><\/th><\/tr><\/thead><tbody><tr><td><strong>Acesso ao mundo dos neg\u00f3cios<\/strong><\/td><td>\u274c Acesso restrito (apenas com marca\u00e7\u00e3o pr\u00e9via)<\/td><td>\u2705 Total (muitas vezes 24 horas por dia, 7 dias por semana, de forma totalmente aut\u00f3noma)<\/td><\/tr><tr><td><strong>Seguran\u00e7a<\/strong><\/td><td>\u2705 Elevada (armaz\u00e9m fechado ao p\u00fablico)<\/td><td>\u2705 Muito elevada (alarmes individuais, videovigil\u00e2ncia)<\/td><\/tr><tr><td><strong>Flexibilidade<\/strong><\/td><td>\u274c Contratos r\u00edgidos, custos de manuseamento<\/td><td>\u2705 Contratos flex\u00edveis, mudan\u00e7a de tamanho f\u00e1cil<\/td><\/tr><tr><td><strong>Pre\u00e7o<\/strong><\/td><td>\u2705 Muitas vezes interessante durante muitos anos<\/td><td>\u2705 Controlo garantido gra\u00e7as \u00e0 escolha precisa da superf\u00edcie<\/td><\/tr><\/tbody><\/table><\/figure>\n\n<div class=\"wp-block-group a-retenir is-vertical is-layout-flex wp-container-core-group-is-layout-4fc3f8e1 wp-block-group-is-layout-flex\">\n<p class=\"wp-block-paragraph\"><strong>A reter:<\/strong><\/p>\n\n\n\n<p class=\"wp-block-paragraph\">O self-storage destaca-se claramente pela aus\u00eancia de restri\u00e7\u00f5es no dia-a-dia, adaptando-se aos seus imprevistos e \u00e0 sua agenda.<\/p>\n<\/div>\n\n<h2 class=\"wp-block-heading\"><strong>Como avaliar o pre\u00e7o de um espa\u00e7o de armazenamento?<\/strong><\/h2>\n\n<figure class=\"wp-block-image size-full\"><a href=\"https:\/\/stockeet.ch\/wp-content\/uploads\/2026\/07\/stockeet-divers-types-stockages-4.png\"><img decoding=\"async\" width=\"924\" height=\"500\" src=\"https:\/\/stockeet.ch\/wp-content\/uploads\/2026\/07\/stockeet-divers-types-stockages-4.png\" alt=\"Esquema explicativo dos volumes dos arm&#xE1;rios de armazenamento: pequeno (1-2 m&#xB3;), m&#xE9;dio (3-5 m&#xB3;) e grande (8-10 m&#xB3;)\" class=\"wp-image-6343\" srcset=\"https:\/\/stockeet.ch\/wp-content\/uploads\/2026\/07\/stockeet-divers-types-stockages-4.png 924w, https:\/\/stockeet.ch\/wp-content\/uploads\/2026\/07\/stockeet-divers-types-stockages-4-300x162.png 300w, https:\/\/stockeet.ch\/wp-content\/uploads\/2026\/07\/stockeet-divers-types-stockages-4-768x416.png 768w, https:\/\/stockeet.ch\/wp-content\/uploads\/2026\/07\/stockeet-divers-types-stockages-4-150x81.png 150w\" sizes=\"(max-width: 924px) 100vw, 924px\" \/><\/a><\/figure>\n\n<p class=\"wp-block-paragraph\">O pre\u00e7o do aluguer de um espa\u00e7o de armazenamento n\u00e3o \u00e9 fixo; adapta-se \u00e0 sua situa\u00e7\u00e3o pessoal. Eis os principais crit\u00e9rios que influenciam a sua mensalidade: <\/p>\n\n<ul class=\"wp-block-list\">\n<li><strong>O volume alugado<\/strong>: Quanto maior for a \u00e1rea, maior ser\u00e1 o custo. No entanto, um armaz\u00e9m bem organizado em altura permite otimizar o espa\u00e7o. Para n\u00e3o pagar por espa\u00e7o vazio, n\u00e3o hesite em utilizar o nosso m\u00e9todo para <a href=\"https:\/\/stockeet.ch\/pt-pt\/blog\/que-tamanho-de-unidade-de-armazenamento-deve-escolher\/\">calcular a \u00e1rea do armaz\u00e9m<\/a> de que necessita. (Dica: um armaz\u00e9m de 3 m\u00b2 permite armazenar o equivalente a 30 caixas de cart\u00e3o ou o mobili\u00e1rio de um est\u00fadio!).   <\/li>\n\n\n\n<li><strong>A localiza\u00e7\u00e3o<\/strong>: Tal como no mercado imobili\u00e1rio tradicional, um centro situado em pleno centro da cidade ter\u00e1 um custo ligeiramente superior ao de um centro situado numa zona perif\u00e9rica.<\/li>\n\n\n\n<li><strong>O n\u00edvel de seguran\u00e7a e conforto<\/strong>: A presen\u00e7a de c\u00e2maras, de um sistema de controlo de acesso atrav\u00e9s de smartphone e, sobretudo, de um sistema de regula\u00e7\u00e3o da temperatura (para evitar que os seus m\u00f3veis se deformem) \u00e9 uma garantia de qualidade que se reflete no pre\u00e7o.<\/li>\n\n\n\n<li><strong>O seguro<\/strong>: A pol\u00edtica varia consideravelmente de um prestador para outro. Enquanto alguns operadores do mercado o obrigam a subscrever um seguro (o deles ou um seguro externo \u00e0 sua escolha), outros deixam-no totalmente livre para tomar essa decis\u00e3o.  Para evitar as armadilhas do subseguro ou as exclus\u00f5es previstas na <a href=\"https:\/\/www.fedlex.admin.ch\/eli\/cc\/24\/719_735_717\/fr\" target=\"_blank\" rel=\"noreferrer noopener\">Lei Federal sobre o Contrato de Seguro (LCA)<\/a>, reserve algum tempo para <a href=\"https:\/\/stockeet.ch\/pt-pt\/blog\/box-storage-seguro-de-auto-armazenamento-suica-guia-completo\/\">compreender o funcionamento do seguro de armazenamento self-storage<\/a> antes de assinar o seu contrato.<\/li>\n<\/ul>\n\n<div class=\"wp-block-group a-retenir is-vertical is-layout-flex wp-container-core-group-is-layout-4fc3f8e1 wp-block-group-is-layout-flex\">\n<p class=\"wp-block-paragraph\"><strong>A reter:<\/strong><\/p>\n\n\n\n<p class=\"wp-block-paragraph\">N\u00e3o se baseie apenas no pre\u00e7o inicial mais baixo. Uma tarifa transparente, sem custos ocultos, aliada a instala\u00e7\u00f5es seguras e em boas condi\u00e7\u00f5es, \u00e9 o melhor investimento para recuperar os seus bens intactos. <\/p>\n\n\n\n<p class=\"wp-block-paragraph\"><\/p>\n<\/div>\n\n<h2 class=\"wp-block-heading\"><strong>Por que escolher um espa\u00e7o de armazenamento self-storage de \u00faltima gera\u00e7\u00e3o?<\/strong><\/h2>\n\n<figure class=\"wp-block-image size-full\"><a href=\"https:\/\/stockeet.ch\/wp-content\/uploads\/2026\/07\/stockeet-divers-types-stockages-5.png\"><img loading=\"lazy\" decoding=\"async\" width=\"924\" height=\"500\" src=\"https:\/\/stockeet.ch\/wp-content\/uploads\/2026\/07\/stockeet-divers-types-stockages-5.png\" alt=\"Aplica&#xE7;&#xE3;o m&#xF3;vel Stockeet (perto de Lausanne) que permite o acesso seguro e o desbloqueio digital de um arm&#xE1;rio\" class=\"wp-image-6349\" srcset=\"https:\/\/stockeet.ch\/wp-content\/uploads\/2026\/07\/stockeet-divers-types-stockages-5.png 924w, https:\/\/stockeet.ch\/wp-content\/uploads\/2026\/07\/stockeet-divers-types-stockages-5-300x162.png 300w, https:\/\/stockeet.ch\/wp-content\/uploads\/2026\/07\/stockeet-divers-types-stockages-5-768x416.png 768w, https:\/\/stockeet.ch\/wp-content\/uploads\/2026\/07\/stockeet-divers-types-stockages-5-150x81.png 150w\" sizes=\"(max-width: 924px) 100vw, 924px\" \/><\/a><\/figure>\n\n<p class=\"wp-block-paragraph\">Alugar um espa\u00e7o de armazenamento j\u00e1 n\u00e3o tem de ser uma tarefa enfadonha num corredor escuro. Os centros de <strong>armazenamento self-storage de nova gera\u00e7\u00e3o<\/strong> transformaram radicalmente esta experi\u00eancia para os particulares. <\/p>\n\n<p class=\"wp-block-paragraph\">Foram concebidos como verdadeiras extens\u00f5es da sua casa. Imagine corredores <strong>limpos, bem iluminados, com temperatura controlada<\/strong> (para proteger as suas recorda\u00e7\u00f5es e os seus m\u00f3veis da humidade) e protegidos por tecnologias modernas que pode gerir diretamente a partir do seu smartphone. \u00c9 a garantia de encontrar os seus pertences exatamente no estado em que os deixou, ao mesmo tempo que desfruta de uma experi\u00eancia fluida, tranquilizadora e isenta de qualquer burocracia complexa.  <\/p>\n\n<div class=\"wp-block-group a-retenir is-vertical is-layout-flex wp-container-core-group-is-layout-4fc3f8e1 wp-block-group-is-layout-flex\">\n<p class=\"wp-block-paragraph\"><strong>A reter:<\/strong><\/p>\n\n\n\n<p class=\"wp-block-paragraph\">O armazenamento self-storage moderno transforma um problema de arruma\u00e7\u00e3o numa verdadeira liberta\u00e7\u00e3o de espa\u00e7o para a vida quotidiana.<\/p>\n<\/div>\n\n<h3 class=\"wp-block-heading\"><strong>Stockeet: A sua solu\u00e7\u00e3o de armazenamento simples e personalizada<\/strong><\/h3>\n\n<p class=\"wp-block-paragraph\">Na <strong>Stockeet<\/strong>, percebemos que a sua prioridade \u00e9 aliviar a sua carga mental, ao mesmo tempo que controla o seu or\u00e7amento. \u00c9 por isso que repens\u00e1mos o aluguer de espa\u00e7os de armazenamento para torn\u00e1-lo o mais luminoso, acolhedor e transparente poss\u00edvel. <\/p>\n\n<p class=\"wp-block-paragraph\">Ao escolher a Stockeet, est\u00e1 a optar pela liberdade absoluta:<\/p>\n\n<ul class=\"wp-block-list\">\n<li><strong>Total autonomia<\/strong>: Aceda aos seus bens quando quiser, sem custos de acesso.<\/li>\n\n\n\n<li><strong>Total transpar\u00eancia em rela\u00e7\u00e3o ao seguro<\/strong>: Na nossa empresa, <strong>o seguro n\u00e3o \u00e9 obrigat\u00f3rio<\/strong>. S\u00f3 paga pelo espa\u00e7o alugado e \u00e9 o pr\u00f3prio a decidir livremente se pretende segurar os seus bens ou n\u00e3o. <\/li>\n\n\n\n<li><strong>Seguran\u00e7a rigorosa<\/strong>: as suas recorda\u00e7\u00f5es e m\u00f3veis de valor est\u00e3o protegidos pelos nossos sistemas de videovigil\u00e2ncia e de controlo de acessos digitalizados.<\/li>\n\n\n\n<li><strong>Limpeza impec\u00e1vel<\/strong>: Instala\u00e7\u00f5es higi\u00e9nicas e com temperatura controlada para conservar os seus bens da melhor forma poss\u00edvel.<\/li>\n<\/ul>\n\n<p class=\"wp-block-paragraph\">N\u00e3o deixe que a falta de espa\u00e7o continue a impedir os seus projetos de vida. Confie-nos os seus bens, liberte a sua mente e respire de novo na sua casa! <\/p>\n\n<div class=\"wp-block-group article-cta is-vertical is-content-justification-center is-layout-flex wp-container-core-group-is-layout-524f8de7 wp-block-group-is-layout-flex\">\n<p class=\"wp-block-paragraph\">Contacte-nos hoje mesmo atrav\u00e9s do n\u00famero: <a href=\"tel:+41218003000\">021 800 30 00<\/a><\/p>\n\n\n\n<p class=\"cta-button wp-block-paragraph\"><a href=\"https:\/\/stockeet.ch\/pt-pt\/as-nossas-ofertas\/\" target=\"_blank\" rel=\"noreferrer noopener\">Saiba mais sobre as nossas ofertas<\/a><\/p>\n\n\n\n<p class=\"wp-block-paragraph\"><\/p>\n<\/div>\n\n<hr class=\"wp-block-separator has-alpha-channel-opacity\"\/>\n\n<p class=\"wp-block-paragraph\"><strong>Conclus\u00e3o e espa\u00e7o para debate<\/strong><\/p>\n\n<p class=\"wp-block-paragraph\">Liberar espa\u00e7o em casa \u00e9, muitas vezes, o primeiro passo para um novo come\u00e7o ou para uma mente mais tranquila. Entre todas as op\u00e7\u00f5es destinadas a particulares, o armazenamento self-storage imp\u00f5e-se hoje como a solu\u00e7\u00e3o mais flex\u00edvel e segura para acompanhar as suas transi\u00e7\u00f5es de vida. <\/p>\n\n<hr class=\"wp-block-separator has-alpha-channel-opacity\"\/>\n","protected":false},"excerpt":{"rendered":"<p>Mudan\u00e7a, obras, falta de espa\u00e7o? Descubra os diferentes tipos de espa\u00e7os de armazenamento para particulares. Compare as suas op\u00e7\u00f5es e opte pela tranquilidade.  <\/p>\n","protected":false},"featured_media":6323,"template":"","meta":{"_acf_changed":false},"class_list":["post-6369","article-de-blog","type-article-de-blog","status-publish","has-post-thumbnail","hentry"],"acf":[],"_links":{"self":[{"href":"https:\/\/stockeet.ch\/pt-pt\/wp-json\/wp\/v2\/article-de-blog\/6369","targetHints":{"allow":["GET"]}}],"collection":[{"href":"https:\/\/stockeet.ch\/pt-pt\/wp-json\/wp\/v2\/article-de-blog"}],"about":[{"href":"https:\/\/stockeet.ch\/pt-pt\/wp-json\/wp\/v2\/types\/article-de-blog"}],"version-history":[{"count":2,"href":"https:\/\/stockeet.ch\/pt-pt\/wp-json\/wp\/v2\/article-de-blog\/6369\/revisions"}],"predecessor-version":[{"id":6988,"href":"https:\/\/stockeet.ch\/pt-pt\/wp-json\/wp\/v2\/article-de-blog\/6369\/revisions\/6988"}],"wp:featuredmedia":[{"embeddable":true,"href":"https:\/\/stockeet.ch\/pt-pt\/wp-json\/wp\/v2\/media\/6323"}],"wp:attachment":[{"href":"https:\/\/stockeet.ch\/pt-pt\/wp-json\/wp\/v2\/media?parent=6369"}],"curies":[{"name":"wp","href":"https:\/\/api.w.org\/{rel}","templated":true}]}}