{"id":5813,"date":"2026-03-12T10:30:18","date_gmt":"2026-03-12T09:30:18","guid":{"rendered":"https:\/\/stockeet.ch\/blog\/aluguer-de-uma-carrinha-de-mudancas-como-fazer-a-escolha-certa\/"},"modified":"2026-08-05T14:45:20","modified_gmt":"2026-08-05T12:45:20","slug":"aluguer-de-uma-carrinha-de-mudancas-como-fazer-a-escolha-certa","status":"publish","type":"article-de-blog","link":"https:\/\/stockeet.ch\/pt-pt\/blog\/aluguer-de-uma-carrinha-de-mudancas-como-fazer-a-escolha-certa\/","title":{"rendered":"Alugar um ve\u00edculo para mudan\u00e7as: como fazer a escolha certa"},"content":{"rendered":"\n<p class=\"wp-block-paragraph\">Finalmente assinou o contrato de arrendamento da sua nova casa e a data do grande dia foi marcada. Parab\u00e9ns! Mas \u00e0 medida que as primeiras caixas se acumulam na sua sala de estar, come\u00e7a a sentir-se um pouco ansioso. Como \u00e9 que vai levar toda a sua vida de A para B sem transformar este dia num pesadelo log\u00edstico?   <\/p>\n\n<p class=\"wp-block-paragraph\">Embora recorrer a uma empresa especializada possa representar um custo por vezes elevado \u2014 e exija cuidado para <a href=\"https:\/\/stockeet.ch\/pt-pt\/blog\/mudanca-de-casa-10-dicas-para-evitar-burlas\/\">evitar fraudes relacionadas com a mudan\u00e7a<\/a> \u2014, tratar de tudo por conta pr\u00f3pria \u00e9 uma excelente alternativa. De facto, a maioria das pessoas prefere gerir esta transi\u00e7\u00e3o por conta pr\u00f3pria. No entanto, para que tudo corra sem stress, alugar um cami\u00e3o de mudan\u00e7as na Su\u00ed\u00e7a \u00e9 um passo que exige prepara\u00e7\u00e3o. Escolher um ve\u00edculo demasiado pequeno obrig\u00e1-lo-\u00e1 a fazer v\u00e1rias viagens de ida e volta exaustivas, enquanto uma carrinha demasiado grande onerar\u00e1 desnecessariamente o seu or\u00e7amento e ser\u00e1 dif\u00edcil de manobrar.   <\/p>\n\n<p class=\"wp-block-paragraph\">Neste guia completo, acompanhamo-lo passo a passo no processo de determina\u00e7\u00e3o do volume ideal, na compreens\u00e3o das regras de tr\u00e2nsito, na otimiza\u00e7\u00e3o do seu aluguer e na antecipa\u00e7\u00e3o de circunst\u00e2ncias imprevistas. Vamos p\u00f4-lo a andar com tranquilidade! <\/p>\n\n<hr class=\"wp-block-separator has-alpha-channel-opacity\"\/>\n\n<h2 class=\"wp-block-heading\">Avaliar o volume dos seus bens: o primeiro passo crucial<\/h2>\n\n<p class=\"wp-block-paragraph\">Este \u00e9 o erro n\u00famero um cometido pelas pessoas que se mudam sozinhas: subestimar a quantidade de coisas que acumularam ao longo dos anos. As estat\u00edsticas gerais do sector mostram que quase 70% das pessoas alugam um ve\u00edculo que n\u00e3o est\u00e1 adaptado ao seu volume real. <\/p>\n\n<hr class=\"wp-block-separator has-alpha-channel-opacity\"\/>\n\n<figure class=\"wp-block-image size-large\"><a href=\"https:\/\/stockeet.ch\/wp-content\/uploads\/2026\/03\/h2-1.-Evaluer-le-volume-de-vos-biens-la-premiere-etape-cruciale.jpg\"><img fetchpriority=\"high\" decoding=\"async\" width=\"1024\" height=\"576\" src=\"https:\/\/stockeet.ch\/wp-content\/uploads\/2026\/03\/h2-1.-Evaluer-le-volume-de-vos-biens-la-premiere-etape-cruciale-1024x576.jpg\" alt=\"Sala cheia de caixas empilhadas e um sof&#xE1; embalado para avaliar o volume da mudan&#xE7;a\" class=\"wp-image-5710\" srcset=\"https:\/\/stockeet.ch\/wp-content\/uploads\/2026\/03\/h2-1.-Evaluer-le-volume-de-vos-biens-la-premiere-etape-cruciale-1024x576.jpg 1024w, https:\/\/stockeet.ch\/wp-content\/uploads\/2026\/03\/h2-1.-Evaluer-le-volume-de-vos-biens-la-premiere-etape-cruciale-300x169.jpg 300w, https:\/\/stockeet.ch\/wp-content\/uploads\/2026\/03\/h2-1.-Evaluer-le-volume-de-vos-biens-la-premiere-etape-cruciale-768x432.jpg 768w, https:\/\/stockeet.ch\/wp-content\/uploads\/2026\/03\/h2-1.-Evaluer-le-volume-de-vos-biens-la-premiere-etape-cruciale-1536x864.jpg 1536w, https:\/\/stockeet.ch\/wp-content\/uploads\/2026\/03\/h2-1.-Evaluer-le-volume-de-vos-biens-la-premiere-etape-cruciale-150x84.jpg 150w, https:\/\/stockeet.ch\/wp-content\/uploads\/2026\/03\/h2-1.-Evaluer-le-volume-de-vos-biens-la-premiere-etape-cruciale.jpg 2000w\" sizes=\"(max-width: 1024px) 100vw, 1024px\" \/><\/a><\/figure>\n\n<h3 class=\"wp-block-heading\">A regra de ouro do c\u00e1lculo do volume<\/h3>\n\n<p class=\"wp-block-paragraph\">Quando se trata de <strong>determinar o tamanho do cami\u00e3o que vai precisar para a sua mudan\u00e7a<\/strong>, \u00e9 importante n\u00e3o confiar nos seus instintos. O m\u00e9todo mais comum \u00e9 dividir a superf\u00edcie da sua casa atual por dois. Por exemplo, se vive num apartamento de 40 m\u00b2, precisar\u00e1 de uma carrinha com uma capacidade de cerca de 20 m\u00b3. \u00c9 claro que esta f\u00f3rmula \u00e9 uma estimativa que precisa de ser aperfei\u00e7oada se tiver pe\u00e7as de mobili\u00e1rio particularmente maci\u00e7as (como grandes roupeiros Norman ou um piano) ou se for adepto do minimalismo.   <\/p>\n\n<div class=\"wp-block-group astuce is-vertical is-layout-flex wp-container-core-group-is-layout-4fc3f8e1 wp-block-group-is-layout-flex\">\n<p class=\"wp-block-paragraph\"><em><strong>\ud83d\udca1 Dica de profissional:<\/strong><\/em><\/p>\n\n\n\n<p class=\"wp-block-paragraph\"><em><em>Uma boa organiza\u00e7\u00e3o da carga permite otimizar o espa\u00e7o na carrinha. N\u00e3o hesite em consultar   <\/em><a href=\"https:\/\/stockeet.ch\/pt-pt\/blog\/mudancas-embalar-com-sucesso-passo-a-passo\/\">O nosso guia para preparar as suas caixas de forma eficiente<\/a> <em>para poupar valiosos metros c\u00fabicos.<\/em><\/em><\/p>\n<\/div>\n\n<hr class=\"wp-block-separator has-alpha-channel-opacity\"\/>\n\n<h3 class=\"wp-block-heading\">Guia de tamanhos: que ve\u00edculo para que casa?<\/h3>\n\n<p class=\"wp-block-paragraph\">Para o ajudar a visualizar, eis uma tabela de correspond\u00eancia \u00fatil a ter em conta:<\/p>\n\n<figure class=\"wp-block-table\"><table class=\"has-fixed-layout\"><tbody><tr><td><strong>Tamanho da casa<\/strong><\/td><td><strong>Volume estimado<\/strong><\/td><td><strong>Tipo de ve\u00edculo recomendado<\/strong><\/td><\/tr><tr><td>Quarto de estudante (10-15 m\u00b2)<\/td><td>5 a 7 metros c\u00fabicos<\/td><td><strong>Carrinha<\/strong> (tipo Renault Kangoo)<\/td><\/tr><tr><td>Est\u00fadio \/ 2 quartos (20-35 m\u00b2)<\/td><td>10 a 12 m3<\/td><td><strong>Carrinhas pequenas<\/strong> (tipo Mercedes Vito)<\/td><\/tr><tr><td>Apartamento de 3 assoalhadas (40-60 m\u00b2)<\/td><td>20 a 22 m3<\/td><td><strong>Carrinha com porta traseira<\/strong> (tipo Iveco<br\/>Daily)<\/td><\/tr><tr><td>Casa \/ 4 quartos e mais (&gt;70<br\/>m\u00b2)<\/td><td>30 m\u00b3 e mais<\/td><td><strong>Cami\u00f5es grandes<\/strong> ou mais viagens<\/td><\/tr><\/tbody><\/table><\/figure>\n\n<hr class=\"wp-block-separator has-alpha-channel-opacity\"\/>\n\n<div class=\"wp-block-group a-retenir is-vertical is-layout-flex wp-container-core-group-is-layout-4fc3f8e1 wp-block-group-is-layout-flex\">\n<p class=\"wp-block-paragraph\"><strong>\ud83d\udce6<\/strong> <strong>Para recordar:<\/strong><\/p>\n\n\n\n<p class=\"wp-block-paragraph\">Nunca escolha a sua <strong>carrinha<\/strong> ao acaso. Calcule o seu volume dividindo a superf\u00edcie da sua casa por dois e deixe sempre uma margem de erro de 10 a 15% para evitar surpresas desagrad\u00e1veis no grande dia. <\/p>\n<\/div>\n\n<h2 class=\"wp-block-heading\">2. Que carta de condu\u00e7\u00e3o para que ve\u00edculo comercial?<\/h2>\n\n<p class=\"wp-block-paragraph\">Uma vez determinado o volume, coloca-se uma quest\u00e3o leg\u00edtima: est\u00e1 autorizado a conduzir o ve\u00edculo que pretende? A legisla\u00e7\u00e3o rodovi\u00e1ria \u00e9 rigorosa e <strong>o aluguer de um ve\u00edculo comercial com carta B est\u00e1<\/strong> sujeito a regras precisas que devem ser respeitadas. <\/p>\n\n<hr class=\"wp-block-separator has-alpha-channel-opacity\"\/>\n\n<h2 class=\"wp-block-heading\">O limite de 3,5 toneladas (carta B)<\/h2>\n\n<p class=\"wp-block-paragraph\">Com uma carta de condu\u00e7\u00e3o da categoria B padr\u00e3o (autom\u00f3vel de passageiros), a <a href=\"https:\/\/www.fedlex.admin.ch\/eli\/cc\/1959\/679_705_685\/fr\" target=\"_blank\" rel=\"noreferrer noopener\">legisla\u00e7\u00e3o rodovi\u00e1ria su\u00ed\u00e7a (LCR)<\/a> autoriza-o a conduzir um ve\u00edculo cujo <strong>Peso Total Autorizado em Carga (PTAC) n\u00e3o exceda 3 500 kg (3,5 toneladas)<\/strong>. Isto inclui o peso do ve\u00edculo vazio, o peso dos passageiros e, claro, o peso da sua carga. A grande maioria das carrinhas de 10 a 22 m\u00b3 disponibilizadas pelas ag\u00eancias de aluguer enquadra-se nesta categoria.  <\/p>\n\n<hr class=\"wp-block-separator has-alpha-channel-opacity\"\/>\n\n<h2 class=\"wp-block-heading\">Cuidado com a armadilha da &#8220;carga \u00fatil&#8221;<\/h2>\n\n<p class=\"wp-block-paragraph\">\u00c9 aqui que as coisas se complicam. Quanto maior e mais bem equipada for uma carrinha (por exemplo, com uma plataforma elevat\u00f3ria, muito pr\u00e1tica para cargas pesadas), mais pesada ser\u00e1 quando estiver vazia. Consequentemente, a sua &#8220;carga \u00fatil&#8221; (o peso total dos m\u00f3veis e caixas que pode colocar no seu interior) diminui.  <\/p>\n\n<p class=\"wp-block-paragraph\">N\u00e3o \u00e9 raro que um cami\u00e3o de grande porte, com 20 m\u00b3, s\u00f3 possa transportar legalmente 800 kg de mercadorias antes de ultrapassar o limite regulamentar de 3,5 toneladas. Se transportar objetos muito pesados (livros, eletrodom\u00e9sticos, ferramentas), esteja atento aos regulamentos do<a href=\"https:\/\/www.astra.admin.ch\/fr\/\" target=\"_blank\" rel=\"noreferrer noopener\">Servi\u00e7o Federal de Estradas (OFROU)<\/a> para evitar multas em caso de controlo de peso pelas autoridades rodovi\u00e1rias. <\/p>\n\n<div class=\"wp-block-group a-retenir is-vertical is-layout-flex wp-container-core-group-is-layout-4fc3f8e1 wp-block-group-is-layout-flex\">\n<p class=\"wp-block-paragraph\"><strong>\ud83d\udce6<\/strong> <strong>Para recordar:<\/strong><\/p>\n\n\n\n<p class=\"wp-block-paragraph\">A sua carta de condu\u00e7\u00e3o &#8220;B&#8221; \u00e9 suficiente para a maioria das carrinhas de mudan\u00e7as at\u00e9 3,5 toneladas. Verifique sempre a &#8220;carga \u00fatil&#8221; do ve\u00edculo que alugar para se certificar de que pode transportar legalmente os seus m\u00f3veis mais pesados. <\/p>\n<\/div>\n\n<h2 class=\"wp-block-heading\">3. Comparar pre\u00e7os e compreender o seu contrato de aluguer<\/h2>\n\n<p class=\"wp-block-paragraph\">O <strong>pre\u00e7o do aluguer de uma carrinha de mudan\u00e7as<\/strong> pode variar at\u00e9 tr\u00eas vezes, consoante o per\u00edodo, a ag\u00eancia e as op\u00e7\u00f5es escolhidas. Para controlar o seu or\u00e7amento, \u00e9 preciso ler nas entrelinhas. <\/p>\n\n<hr class=\"wp-block-separator has-alpha-channel-opacity\"\/>\n\n<h3 class=\"wp-block-heading\">Factores que influenciam a taxa<\/h3>\n\n<ul class=\"wp-block-list\">\n<li><strong>Momento do aluguer:<\/strong> Mudar de casa num s\u00e1bado no final do m\u00eas (quando tradicionalmente os contratos de arrendamento terminam) custar-lhe-\u00e1 consideravelmente mais do que alugar uma carrinha numa ter\u00e7a-feira a meio do m\u00eas.<\/li>\n\n\n\n<li><strong>Quilometragem:<\/strong> Os pacotes incluem geralmente um n\u00famero limitado de quil\u00f3metros (muitas vezes 100 km). Se estiver a mudar-se para um local distante (nomeadamente se pretender <a href=\"https:\/\/stockeet.ch\/pt-pt\/blog\/mudar-se-para-a-suica-o-guia-completo-em-5-passos-para-estrangeiros\/\">mudar-se para a Su\u00ed\u00e7a vindo do estrangeiro<\/a>), calcule bem o percurso de ida e volta para evitar custos adicionais por quil\u00f3metro extra. <\/li>\n\n\n\n<li><strong>Seguro e franquia:<\/strong> este \u00e9 o ponto crucial. Em caso de arranh\u00e3o na carro\u00e7aria, a franquia de base pode ascender a v\u00e1rios milhares de francos. Opte sempre por um seguro complementar (franquia) para reduzir este montante.  <\/li>\n<\/ul>\n\n<h3 class=\"wp-block-heading\">Invent\u00e1rio de ve\u00edculos<\/h3>\n\n<p class=\"wp-block-paragraph\">Antes de assinar o contrato e de se sentar ao volante, inspeccione meticulosamente a carrinha. Tome nota de todos os riscos, impactos no para-brisas ou mossas na carro\u00e7aria na presen\u00e7a da empresa de aluguer. N\u00e3o hesite em tirar fotografias com o seu smartphone, com registo de data e hora. Deste modo, evita pagar os danos causados pelos anteriores locat\u00e1rios.   <\/p>\n\n<hr class=\"wp-block-separator has-alpha-channel-opacity\"\/>\n\n<figure class=\"wp-block-image size-large\"><a href=\"https:\/\/stockeet.ch\/wp-content\/uploads\/2026\/03\/h3-Letat-des-lieux-du-vehicule.jpg\"><img decoding=\"async\" width=\"1024\" height=\"559\" src=\"https:\/\/stockeet.ch\/wp-content\/uploads\/2026\/03\/h3-Letat-des-lieux-du-vehicule-1024x559.jpg\" alt=\"Agente de aluguer a assinalar um arranh&#xE3;o num cami&#xE3;o de mudan&#xE7;as durante a inspe&#xE7;&#xE3;o do im&#xF3;vel\" class=\"wp-image-5728\" srcset=\"https:\/\/stockeet.ch\/wp-content\/uploads\/2026\/03\/h3-Letat-des-lieux-du-vehicule-1024x559.jpg 1024w, https:\/\/stockeet.ch\/wp-content\/uploads\/2026\/03\/h3-Letat-des-lieux-du-vehicule-300x164.jpg 300w, https:\/\/stockeet.ch\/wp-content\/uploads\/2026\/03\/h3-Letat-des-lieux-du-vehicule-768x419.jpg 768w, https:\/\/stockeet.ch\/wp-content\/uploads\/2026\/03\/h3-Letat-des-lieux-du-vehicule-150x82.jpg 150w, https:\/\/stockeet.ch\/wp-content\/uploads\/2026\/03\/h3-Letat-des-lieux-du-vehicule.jpg 1408w\" sizes=\"(max-width: 1024px) 100vw, 1024px\" \/><\/a><\/figure>\n\n<div class=\"wp-block-group a-retenir is-vertical is-layout-flex wp-container-core-group-is-layout-4fc3f8e1 wp-block-group-is-layout-flex\">\n<p class=\"wp-block-paragraph\"><strong>\ud83d\udce6<\/strong> <strong>Para recordar:<\/strong><\/p>\n\n\n\n<p class=\"wp-block-paragraph\">Compare as ofertas, incluindo a quilometragem real necess\u00e1ria e o custo da compra da franquia. Um pre\u00e7o inicial muito baixo esconde muitas vezes custos adicionais elevados. Nunca negligencie o invent\u00e1rio dos equipamentos \u00e0 partida.  <\/p>\n<\/div>\n\n<h2 class=\"wp-block-heading\">4. Condu\u00e7\u00e3o de um ve\u00edculo pesado: regras e seguran\u00e7a<\/h2>\n\n<p class=\"wp-block-paragraph\">Conduzir uma <strong>carrinha<\/strong> de 20 m\u00b3 n\u00e3o \u00e9 nada como conduzir o seu autom\u00f3vel urbano habitual. A dimens\u00e3o do ve\u00edculo obriga a uma vigil\u00e2ncia redobrada para garantir a sua seguran\u00e7a e a dos seus m\u00f3veis. <\/p>\n\n<h3 class=\"wp-block-heading\">Compreender o modelo<\/h3>\n\n<ul class=\"wp-block-list\">\n<li><strong>Altura:<\/strong> Uma carrinha de mudan\u00e7as tem frequentemente quase 3 metros de altura. Esque\u00e7a os parques de estacionamento subterr\u00e2neos e os drive-through e tenha muito cuidado com as pontes baixas, que s\u00e3o muito comuns nas estradas secund\u00e1rias. Lembre-se da altura exacta do seu ve\u00edculo (geralmente escrita no painel de instrumentos).  <\/li>\n\n\n\n<li><strong>Comprimento e dist\u00e2ncia entre eixos:<\/strong> Um ve\u00edculo mais comprido obriga-o a fazer curvas muito mais largas do que o habitual. Se guinar demasiado cedo, arrisca-se a fazer com que a parte lateral do ve\u00edculo roce numa parede, poste ou lancil. N\u00e3o tenha pressa nos cruzamentos e rotundas.  <\/li>\n\n\n\n<li><strong>Pontos cegos:<\/strong> Os cami\u00f5es n\u00e3o t\u00eam espelho retrovisor central (devido \u00e0 carro\u00e7aria traseira), pelo que \u00e9 necess\u00e1rio utilizar sempre os espelhos retrovisores exteriores. Ao efetuar manobras, pe\u00e7a sempre a algu\u00e9m pr\u00f3ximo que o guie pelo exterior. <\/li>\n<\/ul>\n\n<hr class=\"wp-block-separator has-alpha-channel-opacity\"\/>\n\n<figure class=\"wp-block-image size-large\"><a href=\"https:\/\/stockeet.ch\/wp-content\/uploads\/2026\/03\/h3-Apprehender-le-gabarit.jpg\"><img decoding=\"async\" width=\"1024\" height=\"559\" src=\"https:\/\/stockeet.ch\/wp-content\/uploads\/2026\/03\/h3-Apprehender-le-gabarit-1024x559.jpg\" alt=\"Homem a conduzir a p&#xE9; um cami&#xE3;o de mudan&#xE7;as por uma rua estreita\" class=\"wp-image-5734\" srcset=\"https:\/\/stockeet.ch\/wp-content\/uploads\/2026\/03\/h3-Apprehender-le-gabarit-1024x559.jpg 1024w, https:\/\/stockeet.ch\/wp-content\/uploads\/2026\/03\/h3-Apprehender-le-gabarit-300x164.jpg 300w, https:\/\/stockeet.ch\/wp-content\/uploads\/2026\/03\/h3-Apprehender-le-gabarit-768x419.jpg 768w, https:\/\/stockeet.ch\/wp-content\/uploads\/2026\/03\/h3-Apprehender-le-gabarit-150x82.jpg 150w, https:\/\/stockeet.ch\/wp-content\/uploads\/2026\/03\/h3-Apprehender-le-gabarit.jpg 1408w\" sizes=\"(max-width: 1024px) 100vw, 1024px\" \/><\/a><\/figure>\n\n<h3 class=\"wp-block-heading\">Adaptar a sua condu\u00e7\u00e3o<\/h3>\n\n<p class=\"wp-block-paragraph\">O peso da sua carga altera o comportamento do ve\u00edculo. A dist\u00e2ncia de travagem \u00e9 consideravelmente maior e o centro de gravidade mais elevado torna a carrinha sens\u00edvel aos ventos laterais. Adopte um estilo de condu\u00e7\u00e3o flex\u00edvel, antecipe as manobras de travagem e reduza a velocidade, nomeadamente na autoestrada ou nas descidas sinuosas das nossas montanhas.  <\/p>\n\n<div class=\"wp-block-group astuce is-vertical is-layout-flex wp-container-core-group-is-layout-4fc3f8e1 wp-block-group-is-layout-flex\">\n<p class=\"wp-block-paragraph\"><em><strong>\ud83d\udca1 Dica de profissional:<\/strong><\/em><\/p>\n\n\n\n<p class=\"wp-block-paragraph\"><em>Uma boa viagem depende tamb\u00e9m de uma boa prepara\u00e7\u00e3o pr\u00e9via. Para se organizar da melhor forma no dia da viagem, consulte <a href=\"https:\/\/stockeet.ch\/pt-pt\/blog\/7-dicas-para-uma-mudanca-bem-sucedida\/\">os passos essenciais para facilitar a sua mudan\u00e7a<\/a>. <\/em><\/p>\n<\/div>\n\n<div class=\"wp-block-group a-retenir is-vertical is-layout-flex wp-container-core-group-is-layout-4fc3f8e1 wp-block-group-is-layout-flex\">\n<p class=\"wp-block-paragraph\"><strong>\ud83d\udce6<\/strong> <strong>Para recordar:<\/strong><\/p>\n\n\n\n<p class=\"wp-block-paragraph\">Fa\u00e7a curvas largas para evitar danificar os lados, seja obcecado com a altura para evitar arrancar o tejadilho e antecipe a sua travagem. Nunca manobrar em marcha-atr\u00e1s sem a ajuda de um guia a p\u00e9. <\/p>\n<\/div>\n\n<h2 class=\"wp-block-heading\">5. Material e equipamento: otimizar o espa\u00e7o e proteger os seus bens<\/h2>\n\n<p class=\"wp-block-paragraph\">N\u00e3o basta alugar a carrinha de mudan\u00e7as certa, \u00e9 preciso tamb\u00e9m equip\u00e1-la corretamente. Uma carga mal acondicionada \u00e9 perigosa e pode causar danos irrepar\u00e1veis aos seus bens ao mais pequeno solavanco. <\/p>\n\n<ul class=\"wp-block-list\">\n<li><strong>Cintas de amarra\u00e7\u00e3o:<\/strong> S\u00e3o essenciais. As carrinhas profissionais est\u00e3o equipadas com calhas para as fixar \u00e0s paredes interiores. Prenda os seus m\u00f3veis pesados (frigor\u00edfico, m\u00e1quina de lavar roupa, arm\u00e1rios) \u00e0s paredes para evitar que tombem.  <\/li>\n\n\n\n<li><strong>Cobertores de prote\u00e7\u00e3o:<\/strong> N\u00e3o economize nos cobertores. Protegem os cantos dos seus m\u00f3veis de madeira e dos ecr\u00e3s de televis\u00e3o e evitam que os objectos se esfreguem uns nos outros durante o transporte. <\/li>\n\n\n\n<li>O carrinho de <strong>m\u00e3o:<\/strong> muitas vezes oferecido como op\u00e7\u00e3o pelas ag\u00eancias de aluguer, o carrinho de m\u00e3o \u00e9 o seu melhor aliado para proteger as suas costas e transportar v\u00e1rias caixas empilhadas ou electrodom\u00e9sticos pesados do seu patamar para a porta traseira do cami\u00e3o.<\/li>\n<\/ul>\n\n<hr class=\"wp-block-separator has-alpha-channel-opacity\"\/>\n\n<figure class=\"wp-block-image size-large\"><a href=\"https:\/\/stockeet.ch\/wp-content\/uploads\/2026\/03\/h2-5.-Materiel-et-equipements-optimiser-lespace-et-proteger-vos-biens.jpg\"><img loading=\"lazy\" decoding=\"async\" width=\"1024\" height=\"559\" src=\"https:\/\/stockeet.ch\/wp-content\/uploads\/2026\/03\/h2-5.-Materiel-et-equipements-optimiser-lespace-et-proteger-vos-biens-1024x559.jpg\" alt=\"Interior de um cami&#xE3;o de mudan&#xE7;as carregado com cintas de fixa&#xE7;&#xE3;o, cobertores e caixas de cart&#xE3;o\" class=\"wp-image-5740\" srcset=\"https:\/\/stockeet.ch\/wp-content\/uploads\/2026\/03\/h2-5.-Materiel-et-equipements-optimiser-lespace-et-proteger-vos-biens-1024x559.jpg 1024w, https:\/\/stockeet.ch\/wp-content\/uploads\/2026\/03\/h2-5.-Materiel-et-equipements-optimiser-lespace-et-proteger-vos-biens-300x164.jpg 300w, https:\/\/stockeet.ch\/wp-content\/uploads\/2026\/03\/h2-5.-Materiel-et-equipements-optimiser-lespace-et-proteger-vos-biens-768x419.jpg 768w, https:\/\/stockeet.ch\/wp-content\/uploads\/2026\/03\/h2-5.-Materiel-et-equipements-optimiser-lespace-et-proteger-vos-biens-150x82.jpg 150w, https:\/\/stockeet.ch\/wp-content\/uploads\/2026\/03\/h2-5.-Materiel-et-equipements-optimiser-lespace-et-proteger-vos-biens.jpg 1408w\" sizes=\"(max-width: 1024px) 100vw, 1024px\" \/><\/a><\/figure>\n\n<div class=\"wp-block-group a-retenir is-vertical is-layout-flex wp-container-core-group-is-layout-4fc3f8e1 wp-block-group-is-layout-flex\">\n<p class=\"wp-block-paragraph\"><strong>\ud83d\udce6<\/strong> <strong>Para recordar:<\/strong><\/p>\n\n\n\n<p class=\"wp-block-paragraph\">N\u00e3o parta de m\u00e3os vazias! Alugue ou compre correias, cobertores grossos e um carrinho. Uma carga bem segura garante a integridade dos seus objectos durante a viagem.  <\/p>\n<\/div>\n\n<h2 class=\"wp-block-heading\">6. O inesperado quando se muda de casa: e se n\u00e3o couber tudo?<\/h2>\n\n<p class=\"wp-block-paragraph\">Mesmo com o melhor planeamento do mundo, a realidade no terreno reserva por vezes surpresas. Acontece frequentemente que a nova casa \u00e9 mais pequena do que o previsto, que falta uma cave ou que as obras de remodela\u00e7\u00e3o se atrasam, impedindo-o de mudar imediatamente todos os seus m\u00f3veis. <\/p>\n\n<p class=\"wp-block-paragraph\">O que deve fazer com os seus pertences que ainda est\u00e3o na parte de tr\u00e1s do cami\u00e3o alugado e que deve devolver \u00e0 ag\u00eancia antes das 18 horas?<\/p>\n\n<p class=\"wp-block-paragraph\">\u00c9 precisamente nestes momentos de transi\u00e7\u00e3o que o aluguer de um armaz\u00e9m se torna verdadeiramente \u00fatil. Armazenar temporariamente os seus m\u00f3veis d\u00e1-lhe uma enorme paz de esp\u00edrito. N\u00e3o tem de deitar fora os seus pertences \u00e0 pressa nem de desarrumar a sala de estar do seu apartamento rec\u00e9m-pintado.  <\/p>\n\n<div class=\"wp-block-group astuce is-vertical is-layout-flex wp-container-core-group-is-layout-4fc3f8e1 wp-block-group-is-layout-flex\">\n<p class=\"wp-block-paragraph\"><em><strong>\ud83d\udca1 Dica de profissional:<\/strong><\/em><\/p>\n\n\n\n<p class=\"wp-block-paragraph\"><em><em>Para saber mais sobre este assunto, leia o artigo <a href=\"https:\/\/stockeet.ch\/pt-pt\/blog\/renovacao-optar-por-uma-caixa-segura-para-alugar\/\">\u00abPorqu\u00ea optar por um armaz\u00e9m de aluguer durante uma remodela\u00e7\u00e3o na Su\u00ed\u00e7a?\u00bb<\/a> ou consulte o nosso guia <a href=\"https:\/\/stockeet.ch\/pt-pt\/blog\/que-tamanho-de-unidade-de-armazenamento-deve-escolher\/\">\u00abQual \u00e9 o tamanho de armaz\u00e9m ideal para si? <\/a>\u00bb.<\/em><\/em><\/p>\n<\/div>\n\n<hr class=\"wp-block-separator has-alpha-channel-opacity\"\/>\n\n<figure class=\"wp-block-image size-large\"><a href=\"https:\/\/stockeet.ch\/wp-content\/uploads\/2026\/03\/h2-6.-Limprevu-du-demenagement-et-si-tout-ne-rentre-pas-.jpg\"><img loading=\"lazy\" decoding=\"async\" width=\"1024\" height=\"559\" src=\"https:\/\/stockeet.ch\/wp-content\/uploads\/2026\/03\/h2-6.-Limprevu-du-demenagement-et-si-tout-ne-rentre-pas--1024x559.jpg\" alt=\"\" class=\"wp-image-5746\" srcset=\"https:\/\/stockeet.ch\/wp-content\/uploads\/2026\/03\/h2-6.-Limprevu-du-demenagement-et-si-tout-ne-rentre-pas--1024x559.jpg 1024w, https:\/\/stockeet.ch\/wp-content\/uploads\/2026\/03\/h2-6.-Limprevu-du-demenagement-et-si-tout-ne-rentre-pas--300x164.jpg 300w, https:\/\/stockeet.ch\/wp-content\/uploads\/2026\/03\/h2-6.-Limprevu-du-demenagement-et-si-tout-ne-rentre-pas--768x419.jpg 768w, https:\/\/stockeet.ch\/wp-content\/uploads\/2026\/03\/h2-6.-Limprevu-du-demenagement-et-si-tout-ne-rentre-pas--150x82.jpg 150w, https:\/\/stockeet.ch\/wp-content\/uploads\/2026\/03\/h2-6.-Limprevu-du-demenagement-et-si-tout-ne-rentre-pas-.jpg 1408w\" sizes=\"(max-width: 1024px) 100vw, 1024px\" \/><\/a><\/figure>\n\n<div class=\"wp-block-group a-retenir is-vertical is-layout-flex wp-container-core-group-is-layout-4fc3f8e1 wp-block-group-is-layout-flex\">\n<p class=\"wp-block-paragraph\"><strong>\ud83d\udce6<\/strong> <strong>Para recordar:<\/strong><\/p>\n\n\n\n<p class=\"wp-block-paragraph\">Encontrou a <strong>carrinha<\/strong> ideal, mas apercebeu-se de que n\u00e3o tem espa\u00e7o suficiente para guardar alguns dos seus pertences at\u00e9 terminar a remodela\u00e7\u00e3o?<\/p>\n\n\n\n<p class=\"wp-block-paragraph\"><br\/>N\u00e3o deixe que a falta de espa\u00e7o estrague a alegria do seu novo come\u00e7o. Na <strong>Stockeet<\/strong>, propomos-lhe solu\u00e7\u00f5es de auto-armazenamento seguras, flex\u00edveis e adaptadas \u00e0s suas necessidades, quer seja por algumas semanas ou por v\u00e1rios meses. Beneficie de espa\u00e7os limpos, facilmente acess\u00edveis e protegidos pelos melhores sistemas de seguran\u00e7a da Su\u00ed\u00e7a.  <\/p>\n\n\n\n<p class=\"wp-block-paragraph\"><\/p>\n<\/div>\n\n<p class=\"wp-block-paragraph\">Gostaria de saber mais sobre os nossos pre\u00e7os ou precisa de conselhos para estimar o tamanho da caixa de que necessita? Os nossos especialistas est\u00e3o aqui para o ajudar neste per\u00edodo de transi\u00e7\u00e3o. <\/p>\n\n<div class=\"wp-block-group article-cta is-vertical is-content-justification-center is-layout-flex wp-container-core-group-is-layout-524f8de7 wp-block-group-is-layout-flex\">\n<p class=\"wp-block-paragraph\">Contacte-nos hoje mesmo atrav\u00e9s do n\u00famero: <a href=\"tel:+41218003000\">021 800 30 00<\/a><\/p>\n\n\n\n<div class=\"wp-block-buttons is-layout-flex wp-block-buttons-is-layout-flex\"><\/div>\n\n\n\n<p class=\"cta-button wp-block-paragraph\"><a href=\"https:\/\/stockeet.ch\/pt-pt\/as-nossas-ofertas\/\" target=\"_blank\" rel=\"noreferrer noopener\">Saiba mais sobre as nossas ofertas<\/a><\/p>\n<\/div>\n\n<figure class=\"wp-block-image size-full\"><a href=\"https:\/\/stockeet.ch\/wp-content\/uploads\/2026\/03\/Design-sans-titre-7.png\"><img loading=\"lazy\" decoding=\"async\" width=\"924\" height=\"500\" src=\"https:\/\/stockeet.ch\/wp-content\/uploads\/2026\/03\/Design-sans-titre-7.png\" alt=\"Casal a comemorar ter conseguido arrumar bem as suas caixas num armaz&#xE9;m da Stockeet situado em Aclens, a 15 minutos de Lausanne\" class=\"wp-image-5871\" srcset=\"https:\/\/stockeet.ch\/wp-content\/uploads\/2026\/03\/Design-sans-titre-7.png 924w, https:\/\/stockeet.ch\/wp-content\/uploads\/2026\/03\/Design-sans-titre-7-300x162.png 300w, https:\/\/stockeet.ch\/wp-content\/uploads\/2026\/03\/Design-sans-titre-7-768x416.png 768w, https:\/\/stockeet.ch\/wp-content\/uploads\/2026\/03\/Design-sans-titre-7-150x81.png 150w\" sizes=\"(max-width: 924px) 100vw, 924px\" \/><\/a><\/figure>\n\n<hr class=\"wp-block-separator has-alpha-channel-opacity\"\/>\n","protected":false},"excerpt":{"rendered":"<p>Que carrinha escolher para a sua mudan\u00e7a na Su\u00ed\u00e7a? C\u00e1lculo do volume, autoriza\u00e7\u00f5es necess\u00e1rias, tarifas e<br \/>\ndicas para um transporte sem stress dos seus pertences. <\/p>\n","protected":false},"featured_media":6024,"template":"","meta":{"_acf_changed":false},"class_list":["post-5813","article-de-blog","type-article-de-blog","status-publish","has-post-thumbnail","hentry"],"acf":[],"_links":{"self":[{"href":"https:\/\/stockeet.ch\/pt-pt\/wp-json\/wp\/v2\/article-de-blog\/5813","targetHints":{"allow":["GET"]}}],"collection":[{"href":"https:\/\/stockeet.ch\/pt-pt\/wp-json\/wp\/v2\/article-de-blog"}],"about":[{"href":"https:\/\/stockeet.ch\/pt-pt\/wp-json\/wp\/v2\/types\/article-de-blog"}],"version-history":[{"count":3,"href":"https:\/\/stockeet.ch\/pt-pt\/wp-json\/wp\/v2\/article-de-blog\/5813\/revisions"}],"predecessor-version":[{"id":6978,"href":"https:\/\/stockeet.ch\/pt-pt\/wp-json\/wp\/v2\/article-de-blog\/5813\/revisions\/6978"}],"wp:featuredmedia":[{"embeddable":true,"href":"https:\/\/stockeet.ch\/pt-pt\/wp-json\/wp\/v2\/media\/6024"}],"wp:attachment":[{"href":"https:\/\/stockeet.ch\/pt-pt\/wp-json\/wp\/v2\/media?parent=5813"}],"curies":[{"name":"wp","href":"https:\/\/api.w.org\/{rel}","templated":true}]}}