{"id":4387,"date":"2024-10-10T21:26:46","date_gmt":"2024-10-10T19:26:46","guid":{"rendered":"https:\/\/stockeet.ch\/blog\/armazenamento-de-moveis-vs-auto-armazenamento\/"},"modified":"2025-12-12T09:17:09","modified_gmt":"2025-12-12T08:17:09","slug":"armazenamento-de-moveis-vs-auto-armazenamento","status":"publish","type":"article-de-blog","link":"https:\/\/stockeet.ch\/pt-pt\/blog\/armazenamento-de-moveis-vs-auto-armazenamento\/","title":{"rendered":"Armazenamento de m\u00f3veis vs. auto-armazenamento"},"content":{"rendered":"\t\t<div data-elementor-type=\"wp-post\" data-elementor-id=\"4387\" class=\"elementor elementor-4387 elementor-2514\" data-elementor-post-type=\"article-de-blog\">\n\t\t\t\t<div class=\"elementor-element elementor-element-ad13c12 e-flex e-con-boxed e-con e-parent\" data-id=\"ad13c12\" data-element_type=\"container\">\n\t\t\t\t\t<div class=\"e-con-inner\">\n\t\t\t\t<div class=\"elementor-element elementor-element-dab2dc4 elementor-widget-tablet__width-inherit elementor-widget elementor-widget-heading\" data-id=\"dab2dc4\" data-element_type=\"widget\" data-widget_type=\"heading.default\">\n\t\t\t\t<div class=\"elementor-widget-container\">\n\t\t\t\t\t<h1 class=\"elementor-heading-title elementor-size-default\">Armazenamento de m\u00f3veis vs. auto-armazenamento: <br>Que solu\u00e7\u00e3o deve escolher para as suas necessidades de armazenamento?<\/h1>\t\t\t\t<\/div>\n\t\t\t\t<\/div>\n\t\t\t\t<div class=\"elementor-element elementor-element-07c33ae elementor-widget__width-initial elementor-invisible elementor-widget elementor-widget-text-editor\" data-id=\"07c33ae\" data-element_type=\"widget\" data-settings=\"{&quot;_animation&quot;:&quot;fadeInUp&quot;}\" data-widget_type=\"text-editor.default\">\n\t\t\t\t<div class=\"elementor-widget-container\">\n\t\t\t\t\t\t\t\t\t<p>Quer esteja a meio de uma transi\u00e7\u00e3o, a mudar de casa ou simplesmente com falta de espa\u00e7o, \u00e9 essencial escolher a solu\u00e7\u00e3o <a href=\"https:\/\/stockeet.ch\/pt-pt\/\">de arruma\u00e7\u00e3o<\/a> correta. Duas op\u00e7\u00f5es populares s\u00e3o o armazenamento de m\u00f3veis e o auto-armazenamento. Mas qual deles \u00e9 o mais adequado \u00e0s suas necessidades? Aqui est\u00e1 uma compara\u00e7\u00e3o pormenorizada para o ajudar a fazer a sua escolha.<\/p>\t\t\t\t\t\t\t\t<\/div>\n\t\t\t\t<\/div>\n\t\t\t\t<div class=\"elementor-element elementor-element-e9da966 elementor-widget-divider--view-line elementor-widget elementor-widget-divider\" data-id=\"e9da966\" data-element_type=\"widget\" data-widget_type=\"divider.default\">\n\t\t\t\t<div class=\"elementor-widget-container\">\n\t\t\t\t\t\t\t<div class=\"elementor-divider\">\n\t\t\t<span class=\"elementor-divider-separator\">\n\t\t\t\t\t\t<\/span>\n\t\t<\/div>\n\t\t\t\t\t\t<\/div>\n\t\t\t\t<\/div>\n\t\t\t\t\t<\/div>\n\t\t\t\t<\/div>\n\t\t<div class=\"elementor-element elementor-element-78ff1c4 e-flex e-con-boxed e-con e-parent\" data-id=\"78ff1c4\" data-element_type=\"container\">\n\t\t\t\t\t<div class=\"e-con-inner\">\n\t\t\t\t<div class=\"elementor-element elementor-element-68ec205 elementor-widget elementor-widget-heading\" data-id=\"68ec205\" data-element_type=\"widget\" data-widget_type=\"heading.default\">\n\t\t\t\t<div class=\"elementor-widget-container\">\n\t\t\t\t\t<h2 class=\"elementor-heading-title elementor-size-default\">Armazenamento de mobili\u00e1rio: uma solu\u00e7\u00e3o tempor\u00e1ria e econ\u00f3mica<\/h2>\t\t\t\t<\/div>\n\t\t\t\t<\/div>\n\t\t\t\t<div class=\"elementor-element elementor-element-8c48713 elementor-widget elementor-widget-text-editor\" data-id=\"8c48713\" data-element_type=\"widget\" data-widget_type=\"text-editor.default\">\n\t\t\t\t<div class=\"elementor-widget-container\">\n\t\t\t\t\t\t\t\t\t<p>Um <a href=\"https:\/\/stockeet.ch\/es\/acces\/guardamuebles-lausana\/\">dep\u00f3sito de m\u00f3veis<\/a> \u00e9 um espa\u00e7o de armazenamento tempor\u00e1rio para m\u00f3veis e objectos de uso dom\u00e9stico, frequentemente fornecido por empresas de mudan\u00e7as profissionais. As mercadorias s\u00e3o armazenadas em contentores selados, empilhados e protegidos em armaz\u00e9ns. Esta solu\u00e7\u00e3o \u00e9 ideal para pessoas que n\u00e3o precisam de aceder regularmente aos seus pertences. Quando os bens est\u00e3o armazenados, \u00e9 geralmente imposs\u00edvel aceder-lhes sem marca\u00e7\u00e3o pr\u00e9via, o que pode implicar custos adicionais.<\/p>\t\t\t\t\t\t\t\t<\/div>\n\t\t\t\t<\/div>\n\t\t\t\t<div class=\"elementor-element elementor-element-0aa8f3d elementor-widget elementor-widget-text-editor\" data-id=\"0aa8f3d\" data-element_type=\"widget\" data-widget_type=\"text-editor.default\">\n\t\t\t\t<div class=\"elementor-widget-container\">\n\t\t\t\t\t\t\t\t\t<p>Os contratos de armazenamento de mobili\u00e1rio s\u00e3o muitas vezes limitados no tempo e adaptam-se bem a situa\u00e7\u00f5es como a mudan\u00e7a de casa ou a realiza\u00e7\u00e3o de obras em casa. O custo \u00e9 frequentemente inferior ao do auto-armazenamento, mas a flexibilidade de acesso \u00e9 reduzida. Este servi\u00e7o destina-se principalmente aos utilizadores que n\u00e3o necessitam de manipular frequentemente os seus bens.  <\/p>\t\t\t\t\t\t\t\t<\/div>\n\t\t\t\t<\/div>\n\t\t\t\t<div class=\"elementor-element elementor-element-42b66f8 elementor-widget elementor-widget-text-editor\" data-id=\"42b66f8\" data-element_type=\"widget\" data-widget_type=\"text-editor.default\">\n\t\t\t\t<div class=\"elementor-widget-container\">\n\t\t\t\t\t\t\t\t\t<p><strong>Vantagens :  <\/strong><p>\t\t\t\t\t\t\t\t<\/div>\n\t\t\t\t<\/div>\n\t\t\t\t<div class=\"elementor-element elementor-element-94b459b elementor-widget elementor-widget-text-editor\" data-id=\"94b459b\" data-element_type=\"widget\" data-widget_type=\"text-editor.default\">\n\t\t\t\t<div class=\"elementor-widget-container\">\n\t\t\t\t\t\t\t\t\t<ul>\n \t<ul>\n  <li>Mais barato do que o auto-armazenamento<\/li>\n  <li>Armazenamento seguro em contentores selados<\/li>\n  <li>Ideal para uma solu\u00e7\u00e3o tempor\u00e1ria<\/li>\n<\/ul>\n\n<\/ul>\t\t\t\t\t\t\t\t<\/div>\n\t\t\t\t<\/div>\n\t\t\t\t<div class=\"elementor-element elementor-element-8e66dcb elementor-widget elementor-widget-text-editor\" data-id=\"8e66dcb\" data-element_type=\"widget\" data-widget_type=\"text-editor.default\">\n\t\t\t\t<div class=\"elementor-widget-container\">\n\t\t\t\t\t\t\t\t\t<strong>Desvantagens:<\/strong>\t\t\t\t\t\t\t\t<\/div>\n\t\t\t\t<\/div>\n\t\t\t\t<div class=\"elementor-element elementor-element-b3c5235 elementor-widget elementor-widget-text-editor\" data-id=\"b3c5235\" data-element_type=\"widget\" data-widget_type=\"text-editor.default\">\n\t\t\t\t<div class=\"elementor-widget-container\">\n\t\t\t\t\t\t\t\t\t<ul>\n<ul>\n  <li>Acesso restrito, s\u00f3 com marca\u00e7\u00e3o pr\u00e9via<\/li>\n  <li>Pouca flexibilidade na gest\u00e3o da empresa<\/li>\n  <li>N\u00e3o adequado para necessidades de acesso regulares<\/li>\n<\/ul>\n\n<\/ul>\t\t\t\t\t\t\t\t<\/div>\n\t\t\t\t<\/div>\n\t\t\t\t<div class=\"elementor-element elementor-element-21aea83 elementor-widget elementor-widget-heading\" data-id=\"21aea83\" data-element_type=\"widget\" data-widget_type=\"heading.default\">\n\t\t\t\t<div class=\"elementor-widget-container\">\n\t\t\t\t\t<h2 class=\"elementor-heading-title elementor-size-default\">Auto-armazenamento: flexibilidade e controlo total<\/h2>\t\t\t\t<\/div>\n\t\t\t\t<\/div>\n\t\t\t\t<div class=\"elementor-element elementor-element-d694e08 elementor-widget elementor-widget-text-editor\" data-id=\"d694e08\" data-element_type=\"widget\" data-widget_type=\"text-editor.default\">\n\t\t\t\t<div class=\"elementor-widget-container\">\n\t\t\t\t\t\t\t\t\t<p>O auto-armazenamento, ou aluguer de boxes, oferece uma solu\u00e7\u00e3o de armazenamento privado com acesso ilimitado aos seus pertences. Os centros de auto-armazenamento est\u00e3o frequentemente abertos 24 horas por dia, 7 dias por semana, pelo que pode deixar ou levantar objectos a qualquer momento. O cliente \u00e9 o \u00fanico detentor da chave da sua unidade de armazenamento, o que lhe garante a m\u00e1xima seguran\u00e7a e confidencialidade.  <\/p>\t\t\t\t\t\t\t\t<\/div>\n\t\t\t\t<\/div>\n\t\t\t\t<div class=\"elementor-element elementor-element-a4db82a elementor-widget elementor-widget-text-editor\" data-id=\"a4db82a\" data-element_type=\"widget\" data-widget_type=\"text-editor.default\">\n\t\t\t\t<div class=\"elementor-widget-container\">\n\t\t\t\t\t\t\t\t\t<p>Este tipo de servi\u00e7o oferece uma vasta gama de tamanhos de caixas, para que possa adapt\u00e1-las exatamente \u00e0s suas necessidades. Al\u00e9m disso, pode mudar o tamanho do contentor sem custos adicionais \u00e0 medida que o volume que precisa de armazenar aumenta. Al\u00e9m disso, os centros de auto-armazenamento est\u00e3o frequentemente equipados com sistemas de seguran\u00e7a avan\u00e7ados: videovigil\u00e2ncia, alarmes, detectores de fumo e controlo das condi\u00e7\u00f5es ambientais (temperatura, humidade).  <\/p>\t\t\t\t\t\t\t\t<\/div>\n\t\t\t\t<\/div>\n\t\t\t\t<div class=\"elementor-element elementor-element-6cc7b03 elementor-widget elementor-widget-text-editor\" data-id=\"6cc7b03\" data-element_type=\"widget\" data-widget_type=\"text-editor.default\">\n\t\t\t\t<div class=\"elementor-widget-container\">\n\t\t\t\t\t\t\t\t\t<p>O auto-armazenamento \u00e9 perfeito para as pessoas que precisam de ter acesso regular aos seus bens, seja por raz\u00f5es pessoais ou profissionais. \u00c9 frequentemente utilizado para solu\u00e7\u00f5es a longo prazo ou para armazenar equipamento profissional. <\/p>\t\t\t\t\t\t\t\t<\/div>\n\t\t\t\t<\/div>\n\t\t<div class=\"elementor-element elementor-element-24bcd9d e-con-full e-flex e-con e-child\" data-id=\"24bcd9d\" data-element_type=\"container\">\n\t\t\t\t<div class=\"elementor-element elementor-element-033e469 elementor-widget elementor-widget-text-editor\" data-id=\"033e469\" data-element_type=\"widget\" data-widget_type=\"text-editor.default\">\n\t\t\t\t<div class=\"elementor-widget-container\">\n\t\t\t\t\t\t\t\t\t<p><strong>Vantagens :  <\/strong><\/p>\t\t\t\t\t\t\t\t<\/div>\n\t\t\t\t<\/div>\n\t\t\t\t<div class=\"elementor-element elementor-element-c9fda3d elementor-widget elementor-widget-text-editor\" data-id=\"c9fda3d\" data-element_type=\"widget\" data-widget_type=\"text-editor.default\">\n\t\t\t\t<div class=\"elementor-widget-container\">\n\t\t\t\t\t\t\t\t\t<ul>\n \t<ul>\n  <li>Acesso ilimitado e flex\u00edvel aos seus activos<\/li>\n  <li>V\u00e1rios tamanhos de caixas dispon\u00edveis<\/li>\n  <li>Seguran\u00e7a refor\u00e7ada com sistemas de vigil\u00e2ncia e alarme<\/li>\n<\/ul>\n\n<\/ul>\t\t\t\t\t\t\t\t<\/div>\n\t\t\t\t<\/div>\n\t\t\t\t<\/div>\n\t\t<div class=\"elementor-element elementor-element-c8fb960 e-con-full e-flex e-con e-child\" data-id=\"c8fb960\" data-element_type=\"container\">\n\t\t\t\t<div class=\"elementor-element elementor-element-4753a48 elementor-widget elementor-widget-text-editor\" data-id=\"4753a48\" data-element_type=\"widget\" data-widget_type=\"text-editor.default\">\n\t\t\t\t<div class=\"elementor-widget-container\">\n\t\t\t\t\t\t\t\t\t<strong>Desvantagens:<\/strong>\t\t\t\t\t\t\t\t<\/div>\n\t\t\t\t<\/div>\n\t\t\t\t<div class=\"elementor-element elementor-element-3b0d556 elementor-widget elementor-widget-text-editor\" data-id=\"3b0d556\" data-element_type=\"widget\" data-widget_type=\"text-editor.default\">\n\t\t\t\t<div class=\"elementor-widget-container\">\n\t\t\t\t\t\t\t\t\t<ul>\n \t<ul>\n  <li>Mais caro do que o armazenamento<\/li>\n  <li>\u00c9 necess\u00e1rio gerir a organiza\u00e7\u00e3o e o transporte<\/li>\n  <li>Tarifas ajustadas em fun\u00e7\u00e3o da dimens\u00e3o e da dura\u00e7\u00e3o<\/li>\n<\/ul>\n\n<\/ul>\t\t\t\t\t\t\t\t<\/div>\n\t\t\t\t<\/div>\n\t\t\t\t<\/div>\n\t\t\t\t<div class=\"elementor-element elementor-element-a0ed25b elementor-widget elementor-widget-heading\" data-id=\"a0ed25b\" data-element_type=\"widget\" data-widget_type=\"heading.default\">\n\t\t\t\t<div class=\"elementor-widget-container\">\n\t\t\t\t\t<h2 class=\"elementor-heading-title elementor-size-default\">Armazenamento de m\u00f3veis versus auto-armazenamento<\/h2>\t\t\t\t<\/div>\n\t\t\t\t<\/div>\n\t\t\t\t<div class=\"elementor-element elementor-element-69d7d1e elementor-widget elementor-widget-heading\" data-id=\"69d7d1e\" data-element_type=\"widget\" data-widget_type=\"heading.default\">\n\t\t\t\t<div class=\"elementor-widget-container\">\n\t\t\t\t\t<h3 class=\"elementor-heading-title elementor-size-default\">Acesso flex\u00edvel :<\/h3>\t\t\t\t<\/div>\n\t\t\t\t<\/div>\n\t\t<div class=\"elementor-element elementor-element-b476daf e-con-full e-flex e-con e-child\" data-id=\"b476daf\" data-element_type=\"container\">\n\t\t\t\t<div class=\"elementor-element elementor-element-8ec0e0a elementor-widget elementor-widget-text-editor\" data-id=\"8ec0e0a\" data-element_type=\"widget\" data-widget_type=\"text-editor.default\">\n\t\t\t\t<div class=\"elementor-widget-container\">\n\t\t\t\t\t\t\t\t\t<ul>\n<ul>\n  <li>Armazenamento de mobili\u00e1rio: acesso restrito, muitas vezes por marca\u00e7\u00e3o e com custo adicional<\/li>\n  <li>Auto-armazenamento: acesso ilimitado, 24 horas por dia, 7 dias por semana em muitos casos<\/li>\n<\/ul>\n<\/ul>\t\t\t\t\t\t\t\t<\/div>\n\t\t\t\t<\/div>\n\t\t\t\t<\/div>\n\t\t\t\t<div class=\"elementor-element elementor-element-8f3bbd6 elementor-widget elementor-widget-heading\" data-id=\"8f3bbd6\" data-element_type=\"widget\" data-widget_type=\"heading.default\">\n\t\t\t\t<div class=\"elementor-widget-container\">\n\t\t\t\t\t<h3 class=\"elementor-heading-title elementor-size-default\">Custo :<\/h3>\t\t\t\t<\/div>\n\t\t\t\t<\/div>\n\t\t<div class=\"elementor-element elementor-element-aca1f15 e-con-full e-flex e-con e-child\" data-id=\"aca1f15\" data-element_type=\"container\">\n\t\t\t\t<div class=\"elementor-element elementor-element-2b8d201 elementor-widget elementor-widget-text-editor\" data-id=\"2b8d201\" data-element_type=\"widget\" data-widget_type=\"text-editor.default\">\n\t\t\t\t<div class=\"elementor-widget-container\">\n\t\t\t\t\t\t\t\t\t<ul>\n<ul>\n  <li>Armazenamento de mobili\u00e1rio: mais barato, mas com servi\u00e7os limitados<\/li>\n  <li>Auto-armazenamento: custo mais elevado, mas justificado pela flexibilidade e seguran\u00e7a<\/li>\n<\/ul>\n<\/ul>\t\t\t\t\t\t\t\t<\/div>\n\t\t\t\t<\/div>\n\t\t\t\t<\/div>\n\t\t\t\t<div class=\"elementor-element elementor-element-ec4312d elementor-widget elementor-widget-heading\" data-id=\"ec4312d\" data-element_type=\"widget\" data-widget_type=\"heading.default\">\n\t\t\t\t<div class=\"elementor-widget-container\">\n\t\t\t\t\t<h3 class=\"elementor-heading-title elementor-size-default\">Seguran\u00e7a :<\/h3>\t\t\t\t<\/div>\n\t\t\t\t<\/div>\n\t\t<div class=\"elementor-element elementor-element-dd45483 e-con-full e-flex e-con e-child\" data-id=\"dd45483\" data-element_type=\"container\">\n\t\t\t\t<div class=\"elementor-element elementor-element-f93a679 elementor-widget elementor-widget-text-editor\" data-id=\"f93a679\" data-element_type=\"widget\" data-widget_type=\"text-editor.default\">\n\t\t\t\t<div class=\"elementor-widget-container\">\n\t\t\t\t\t\t\t\t\t<ul>\n<ul>\n  <li>Armazenamento de mobili\u00e1rio: mercadorias seladas em contentores, frequentemente empilhadas em armaz\u00e9ns fechados<\/li>\n  <li>Auto-armazenamento: seguran\u00e7a refor\u00e7ada com videovigil\u00e2ncia, sistemas de alarme e detectores de fumo<\/li>\n<\/ul>\n\n<\/ul>\t\t\t\t\t\t\t\t<\/div>\n\t\t\t\t<\/div>\n\t\t\t\t<\/div>\n\t\t\t\t<div class=\"elementor-element elementor-element-3e5cb69 elementor-widget elementor-widget-heading\" data-id=\"3e5cb69\" data-element_type=\"widget\" data-widget_type=\"heading.default\">\n\t\t\t\t<div class=\"elementor-widget-container\">\n\t\t\t\t\t<h3 class=\"elementor-heading-title elementor-size-default\">Pre\u00e7os transparentes :<\/h3>\t\t\t\t<\/div>\n\t\t\t\t<\/div>\n\t\t<div class=\"elementor-element elementor-element-fda4f28 e-con-full e-flex e-con e-child\" data-id=\"fda4f28\" data-element_type=\"container\">\n\t\t\t\t<div class=\"elementor-element elementor-element-b66e0ae elementor-widget elementor-widget-text-editor\" data-id=\"b66e0ae\" data-element_type=\"widget\" data-widget_type=\"text-editor.default\">\n\t\t\t\t<div class=\"elementor-widget-container\">\n\t\t\t\t\t\t\t\t\t<ul>\n \t<ul>\n  <li>Armazenagem: pagamento por um per\u00edodo fixo, com custos fixos<\/li>\n  <li>Auto-armazenamento: tarifas ajustadas em fun\u00e7\u00e3o da dimens\u00e3o do m\u00f3vel e do volume armazenado, com fatura\u00e7\u00e3o flex\u00edvel em fun\u00e7\u00e3o da utiliza\u00e7\u00e3o.<\/li>\n<\/ul>\n\n<\/ul>\t\t\t\t\t\t\t\t<\/div>\n\t\t\t\t<\/div>\n\t\t\t\t<\/div>\n\t\t\t\t<div class=\"elementor-element elementor-element-f2ba7b7 elementor-widget elementor-widget-heading\" data-id=\"f2ba7b7\" data-element_type=\"widget\" data-widget_type=\"heading.default\">\n\t\t\t\t<div class=\"elementor-widget-container\">\n\t\t\t\t\t<h3 class=\"elementor-heading-title elementor-size-default\">Utilizadores-alvo :<\/h3>\t\t\t\t<\/div>\n\t\t\t\t<\/div>\n\t\t<div class=\"elementor-element elementor-element-0d76a69 e-con-full e-flex e-con e-child\" data-id=\"0d76a69\" data-element_type=\"container\">\n\t\t\t\t<div class=\"elementor-element elementor-element-c2e9a47 elementor-widget elementor-widget-text-editor\" data-id=\"c2e9a47\" data-element_type=\"widget\" data-widget_type=\"text-editor.default\">\n\t\t\t\t<div class=\"elementor-widget-container\">\n\t\t\t\t\t\t\t\t\t<ul>\n<ul>\n  <li>Armazenamento de mobili\u00e1rio: adequado para pessoas que procuram uma solu\u00e7\u00e3o tempor\u00e1ria sem necessidade de acesso regular<\/li>\n  <li>Auto-armazenamento: ideal para quem precisa de aceder frequentemente aos seus bens, nomeadamente por raz\u00f5es profissionais ou pessoais<\/li>\n<\/ul>\n<\/ul>\t\t\t\t\t\t\t\t<\/div>\n\t\t\t\t<\/div>\n\t\t\t\t<\/div>\n\t\t\t\t<div class=\"elementor-element elementor-element-52ae273 elementor-widget elementor-widget-heading\" data-id=\"52ae273\" data-element_type=\"widget\" data-widget_type=\"heading.default\">\n\t\t\t\t<div class=\"elementor-widget-container\">\n\t\t\t\t\t<h2 class=\"elementor-heading-title elementor-size-default\">Stockeet : A sua solu\u00e7\u00e3o de auto-armazenamento flex\u00edvel e segura<\/h2>\t\t\t\t<\/div>\n\t\t\t\t<\/div>\n\t\t\t\t<div class=\"elementor-element elementor-element-9dc6161 elementor-widget elementor-widget-text-editor\" data-id=\"9dc6161\" data-element_type=\"widget\" data-widget_type=\"text-editor.default\">\n\t\t\t\t<div class=\"elementor-widget-container\">\n\t\t\t\t\t\t\t\t\t<p><strong>Stockeet<\/strong> \u00e9 uma empresa su\u00ed\u00e7a especializada em auto-armazenamento, que prop\u00f5e solu\u00e7\u00f5es de armazenamento flex\u00edveis e adaptadas a todas as necessidades em Aclens, a 15 minutos de Lausanne. Quer se trate de um particular a meio de uma mudan\u00e7a ou de um profissional que necessita de um espa\u00e7o suplementar para o seu equipamento, a Stockeet oferece-lhe unidades de armazenamento de v\u00e1rias dimens\u00f5es, acess\u00edveis 24 horas por dia, 7 dias por semana. <\/p>\t\t\t\t\t\t\t\t<\/div>\n\t\t\t\t<\/div>\n\t\t\t\t<div class=\"elementor-element elementor-element-10b9a7b elementor-widget elementor-widget-text-editor\" data-id=\"10b9a7b\" data-element_type=\"widget\" data-widget_type=\"text-editor.default\">\n\t\t\t\t<div class=\"elementor-widget-container\">\n\t\t\t\t\t\t\t\t\t<p>A Stockeet distingue-se pela flexibilidade das suas ofertas. Pode ajustar o tamanho do seu armaz\u00e9m a qualquer momento, sem custos adicionais, em fun\u00e7\u00e3o da evolu\u00e7\u00e3o das suas necessidades. Para al\u00e9m disso, o centro Stockeet est\u00e1 equipado com sistemas de seguran\u00e7a de \u00faltima gera\u00e7\u00e3o, incluindo videovigil\u00e2ncia e alarmes, o que lhe d\u00e1 total tranquilidade.  <\/p>\t\t\t\t\t\t\t\t<\/div>\n\t\t\t\t<\/div>\n\t\t\t\t<div class=\"elementor-element elementor-element-a776685 elementor-widget elementor-widget-text-editor\" data-id=\"a776685\" data-element_type=\"widget\" data-widget_type=\"text-editor.default\">\n\t\t\t\t<div class=\"elementor-widget-container\">\n\t\t\t\t\t\t\t\t\t<p>Para mais informa\u00e7\u00f5es ou para marcar uma visita \u00e0s nossas unidades de armazenamento, n\u00e3o hesite em telefonar-nos. As nossas equipas est\u00e3o dispon\u00edveis para responder a todas as suas perguntas e ajud\u00e1-lo a escolher a solu\u00e7\u00e3o de auto-armazenamento mais adequada para si. <\/p>\t\t\t\t\t\t\t\t<\/div>\n\t\t\t\t<\/div>\n\t\t<div class=\"elementor-element elementor-element-cbd5c67 e-con-full e-flex e-con e-child\" data-id=\"cbd5c67\" data-element_type=\"container\">\n\t\t\t\t<div class=\"elementor-element elementor-element-b83b9cd elementor-align-center elementor-invisible elementor-widget elementor-widget-button\" data-id=\"b83b9cd\" data-element_type=\"widget\" data-settings=\"{&quot;_animation&quot;:&quot;fadeInUp&quot;}\" data-widget_type=\"button.default\">\n\t\t\t\t<div class=\"elementor-widget-container\">\n\t\t\t\t\t\t\t\t\t<div class=\"elementor-button-wrapper\">\n\t\t\t\t\t<a class=\"elementor-button elementor-button-link elementor-size-sm\" href=\"tel:+41218003000\" target=\"_blank\">\n\t\t\t\t\t\t<span class=\"elementor-button-content-wrapper\">\n\t\t\t\t\t\t\t\t\t<span class=\"elementor-button-text\">Tem alguma quest\u00e3o? Ligue-nos! <\/span>\n\t\t\t\t\t<\/span>\n\t\t\t\t\t<\/a>\n\t\t\t\t<\/div>\n\t\t\t\t\t\t\t\t<\/div>\n\t\t\t\t<\/div>\n\t\t\t\t<div class=\"elementor-element elementor-element-b8e7e39 elementor-align-center elementor-invisible elementor-widget elementor-widget-button\" data-id=\"b8e7e39\" data-element_type=\"widget\" data-settings=\"{&quot;_animation&quot;:&quot;fadeInUp&quot;}\" data-widget_type=\"button.default\">\n\t\t\t\t<div class=\"elementor-widget-container\">\n\t\t\t\t\t\t\t\t\t<div class=\"elementor-button-wrapper\">\n\t\t\t\t\t<a class=\"elementor-button elementor-button-link elementor-size-sm\" href=\"https:\/\/stockeet.ch\/pt-pt\/as-nossas-ofertas\/\" target=\"_blank\">\n\t\t\t\t\t\t<span class=\"elementor-button-content-wrapper\">\n\t\t\t\t\t\t<span class=\"elementor-button-icon\">\n\t\t\t\t<svg xmlns=\"http:\/\/www.w3.org\/2000\/svg\" width=\"28\" height=\"8\" viewBox=\"0 0 28 8\" fill=\"none\"><path id=\"Arrow 1\" d=\"M27.3536 4.19389C27.5488 3.99863 27.5488 3.68204 27.3536 3.48678L24.1716 0.3048C23.9763 0.109538 23.6597 0.109538 23.4645 0.3048C23.2692 0.500062 23.2692 0.816645 23.4645 1.01191L26.2929 3.84033L23.4645 6.66876C23.2692 6.86402 23.2692 7.18061 23.4645 7.37587C23.6597 7.57113 23.9763 7.57113 24.1716 7.37587L27.3536 4.19389ZM-4.37114e-08 4.34033L27 4.34033L27 3.34033L4.37114e-08 3.34033L-4.37114e-08 4.34033Z\" fill=\"#F6F6F9\"><\/path><\/svg>\t\t\t<\/span>\n\t\t\t\t\t\t\t\t\t<span class=\"elementor-button-text\">Descubra as nossas ofertas<\/span>\n\t\t\t\t\t<\/span>\n\t\t\t\t\t<\/a>\n\t\t\t\t<\/div>\n\t\t\t\t\t\t\t\t<\/div>\n\t\t\t\t<\/div>\n\t\t\t\t<\/div>\n\t\t\t\t\t<\/div>\n\t\t\t\t<\/div>\n\t\t\t\t<\/div>\n\t\t","protected":false},"excerpt":{"rendered":"<p>Quer esteja a meio de uma transi\u00e7\u00e3o, a mudar de casa ou simplesmente com falta de espa\u00e7o, \u00e9 essencial escolher a solu\u00e7\u00e3o de armazenamento correta. Duas op\u00e7\u00f5es populares s\u00e3o o armazenamento de m\u00f3veis e o auto-armazenamento. Mas qual \u00e9 a mais adequada \u00e0s suas necessidades? Eis uma compara\u00e7\u00e3o pormenorizada para o orientar na sua escolha.   <\/p>\n","protected":false},"featured_media":3967,"template":"","meta":{"_acf_changed":false},"class_list":["post-4387","article-de-blog","type-article-de-blog","status-publish","has-post-thumbnail","hentry"],"acf":[],"_links":{"self":[{"href":"https:\/\/stockeet.ch\/pt-pt\/wp-json\/wp\/v2\/article-de-blog\/4387","targetHints":{"allow":["GET"]}}],"collection":[{"href":"https:\/\/stockeet.ch\/pt-pt\/wp-json\/wp\/v2\/article-de-blog"}],"about":[{"href":"https:\/\/stockeet.ch\/pt-pt\/wp-json\/wp\/v2\/types\/article-de-blog"}],"version-history":[{"count":2,"href":"https:\/\/stockeet.ch\/pt-pt\/wp-json\/wp\/v2\/article-de-blog\/4387\/revisions"}],"predecessor-version":[{"id":5505,"href":"https:\/\/stockeet.ch\/pt-pt\/wp-json\/wp\/v2\/article-de-blog\/4387\/revisions\/5505"}],"wp:featuredmedia":[{"embeddable":true,"href":"https:\/\/stockeet.ch\/pt-pt\/wp-json\/wp\/v2\/media\/3967"}],"wp:attachment":[{"href":"https:\/\/stockeet.ch\/pt-pt\/wp-json\/wp\/v2\/media?parent=4387"}],"curies":[{"name":"wp","href":"https:\/\/api.w.org\/{rel}","templated":true}]}}