{"id":5811,"date":"2026-03-12T10:30:18","date_gmt":"2026-03-12T09:30:18","guid":{"rendered":"https:\/\/stockeet.ch\/blog\/alquilar-un-camion-de-mudanzas-como-elegir-bien\/"},"modified":"2026-08-05T14:45:20","modified_gmt":"2026-08-05T12:45:20","slug":"alquilar-un-camion-de-mudanzas-como-elegir-bien","status":"publish","type":"article-de-blog","link":"https:\/\/stockeet.ch\/es\/blog\/alquilar-un-camion-de-mudanzas-como-elegir-bien\/","title":{"rendered":"Alquilar un veh\u00edculo para una mudanza: c\u00f3mo elegir bien"},"content":{"rendered":"\n<p class=\"wp-block-paragraph\">Por fin has firmado el contrato de arrendamiento de tu nueva casa y se ha fijado la fecha del gran d\u00eda. Enhorabuena. Pero a medida que las primeras cajas se amontonan en tu sal\u00f3n, empiezas a sentirte un poco ansioso. \u00bfC\u00f3mo vas a llevar toda tu vida de A a B sin convertir este d\u00eda en una pesadilla log\u00edstica?   <\/p>\n\n<p class=\"wp-block-paragraph\">Aunque recurrir a una empresa especializada puede suponer un gasto a veces considerable \u2014y exige estar atento para <a href=\"https:\/\/stockeet.ch\/es\/blog\/mudanzas-10-consejos-para-evitar-estafas\/\">evitar estafas en las mudanzas<\/a> \u2014, encargarse uno mismo de todo es una excelente alternativa. De hecho, la mayor\u00eda de los particulares prefieren gestionar por s\u00ed mismos esta transici\u00f3n. Sin embargo, para que todo salga sin estr\u00e9s, alquilar un cami\u00f3n de mudanzas en Suiza es un paso que requiere preparaci\u00f3n. Elegir un veh\u00edculo demasiado peque\u00f1o te obligar\u00e1 a hacer m\u00faltiples viajes de ida y vuelta agotadores, mientras que una furgoneta demasiado grande supondr\u00e1 una carga innecesaria para tu presupuesto y ser\u00e1 dif\u00edcil de maniobrar.   <\/p>\n\n<p class=\"wp-block-paragraph\">En esta completa gu\u00eda, le guiaremos paso a paso para determinar el volumen ideal, conocer las normas de circulaci\u00f3n, optimizar su alquiler y anticiparse a los imprevistos. P\u00f3ngase en marcha con toda tranquilidad. <\/p>\n\n<hr class=\"wp-block-separator has-alpha-channel-opacity\"\/>\n\n<h2 class=\"wp-block-heading\">Evaluar el volumen de sus posesiones: el primer paso crucial<\/h2>\n\n<p class=\"wp-block-paragraph\">Este es el error n\u00famero uno que cometen las personas que se mudan por su cuenta: subestimar la cantidad de cosas que han acumulado a lo largo de los a\u00f1os. Las estad\u00edsticas generales del sector muestran que casi el 70% de los particulares alquilan un veh\u00edculo que no se adapta a su volumen real. <\/p>\n\n<hr class=\"wp-block-separator has-alpha-channel-opacity\"\/>\n\n<figure class=\"wp-block-image size-large\"><a href=\"https:\/\/stockeet.ch\/wp-content\/uploads\/2026\/03\/h2-1.-Evaluer-le-volume-de-vos-biens-la-premiere-etape-cruciale.jpg\"><img fetchpriority=\"high\" decoding=\"async\" width=\"1024\" height=\"576\" src=\"https:\/\/stockeet.ch\/wp-content\/uploads\/2026\/03\/h2-1.-Evaluer-le-volume-de-vos-biens-la-premiere-etape-cruciale-1024x576.jpg\" alt=\"Sal&#xF3;n lleno de cajas apiladas y un sof&#xE1; embalado para calcular el volumen de la mudanza\" class=\"wp-image-5710\" srcset=\"https:\/\/stockeet.ch\/wp-content\/uploads\/2026\/03\/h2-1.-Evaluer-le-volume-de-vos-biens-la-premiere-etape-cruciale-1024x576.jpg 1024w, https:\/\/stockeet.ch\/wp-content\/uploads\/2026\/03\/h2-1.-Evaluer-le-volume-de-vos-biens-la-premiere-etape-cruciale-300x169.jpg 300w, https:\/\/stockeet.ch\/wp-content\/uploads\/2026\/03\/h2-1.-Evaluer-le-volume-de-vos-biens-la-premiere-etape-cruciale-768x432.jpg 768w, https:\/\/stockeet.ch\/wp-content\/uploads\/2026\/03\/h2-1.-Evaluer-le-volume-de-vos-biens-la-premiere-etape-cruciale-1536x864.jpg 1536w, https:\/\/stockeet.ch\/wp-content\/uploads\/2026\/03\/h2-1.-Evaluer-le-volume-de-vos-biens-la-premiere-etape-cruciale-150x84.jpg 150w, https:\/\/stockeet.ch\/wp-content\/uploads\/2026\/03\/h2-1.-Evaluer-le-volume-de-vos-biens-la-premiere-etape-cruciale.jpg 2000w\" sizes=\"(max-width: 1024px) 100vw, 1024px\" \/><\/a><\/figure>\n\n<h3 class=\"wp-block-heading\">La regla de oro del c\u00e1lculo del volumen<\/h3>\n\n<p class=\"wp-block-paragraph\">Para <strong>determinar cu\u00e1nto espacio de cami\u00f3n necesita para mudarse<\/strong>, no debe fiarse de sus instintos. El m\u00e9todo m\u00e1s habitual es dividir por dos la superficie de tu vivienda actual. Por ejemplo, si vives en un piso de 40 m\u00b2, necesitar\u00e1s una furgoneta con una capacidad de unos 20 m\u00b3. Por supuesto, esta f\u00f3rmula es una estimaci\u00f3n que hay que afinar si tienes muebles especialmente voluminosos (como grandes armarios normandos o un piano) o si eres partidario del minimalismo.   <\/p>\n\n<div class=\"wp-block-group astuce is-vertical is-layout-flex wp-container-core-group-is-layout-4fc3f8e1 wp-block-group-is-layout-flex\">\n<p class=\"wp-block-paragraph\"><em><strong>\ud83d\udca1 Consejo de experto:<\/strong><\/em><\/p>\n\n\n\n<p class=\"wp-block-paragraph\"><em><em>Un buen embalaje permite aprovechar al m\u00e1ximo el espacio en la furgoneta. No dudes en consultar   <\/em><a href=\"https:\/\/stockeet.ch\/es\/blog\/mudanzas-embalar-con-exito-paso-a-paso\/\">Nuestra gu\u00eda para preparar tus cajas de forma eficaz<\/a> <em>para ahorrar unos valiosos metros c\u00fabicos.<\/em><\/em><\/p>\n<\/div>\n\n<hr class=\"wp-block-separator has-alpha-channel-opacity\"\/>\n\n<h3 class=\"wp-block-heading\">Gu\u00eda de tallas: \u00bfqu\u00e9 veh\u00edculo para qu\u00e9 hogar?<\/h3>\n\n<p class=\"wp-block-paragraph\">Para ayudarte a visualizarlo, aqu\u00ed tienes una pr\u00e1ctica tabla de correspondencias que debes tener en cuenta:<\/p>\n\n<figure class=\"wp-block-table\"><table class=\"has-fixed-layout\"><tbody><tr><td><strong>Tama\u00f1o de la vivienda<\/strong><\/td><td><strong>Volumen estimado<\/strong><\/td><td><strong>Tipo de veh\u00edculo recomendado<\/strong><\/td><\/tr><tr><td>Habitaci\u00f3n de estudiante (10-15 m\u00b2)<\/td><td>De 5 a 7 metros c\u00fabicos<\/td><td><strong>Furgoneta<\/strong> (tipo Renault Kangoo)<\/td><\/tr><tr><td>Estudio \/ 2 habitaciones (20-35 m\u00b2)<\/td><td>10 a 12 m3<\/td><td><strong>Furgonetas peque\u00f1as<\/strong> (tipo Mercedes Vito)<\/td><\/tr><tr><td>Piso de 3 habitaciones (40-60 m\u00b2)<\/td><td>20 a 22 m3<\/td><td><strong>Furgoneta con port\u00f3n trasero<\/strong> (tipo Iveco<br\/>Daily)<\/td><\/tr><tr><td>Casa \/ 4 habitaciones y m\u00e1s (&gt;70<br\/>m\u00b2)<\/td><td>30 m\u00b3 y m\u00e1s<\/td><td><strong>Camiones grandes<\/strong> o m\u00e1s viajes<\/td><\/tr><\/tbody><\/table><\/figure>\n\n<hr class=\"wp-block-separator has-alpha-channel-opacity\"\/>\n\n<div class=\"wp-block-group a-retenir is-vertical is-layout-flex wp-container-core-group-is-layout-4fc3f8e1 wp-block-group-is-layout-flex\">\n<p class=\"wp-block-paragraph\"><strong>\ud83d\udce6<\/strong> <strong>Para recordar:<\/strong><\/p>\n\n\n\n<p class=\"wp-block-paragraph\">Nunca elijas tu <strong>furgoneta<\/strong> al azar. Calcula el volumen dividiendo por dos la superficie de tu casa y deja siempre un margen de error del 10 al 15% para evitar sorpresas desagradables el gran d\u00eda. <\/p>\n<\/div>\n\n<h2 class=\"wp-block-heading\">2. \u00bfQu\u00e9 permiso de conducci\u00f3n para qu\u00e9 veh\u00edculo industrial?<\/h2>\n\n<p class=\"wp-block-paragraph\">Una vez determinado el volumen, surge una pregunta leg\u00edtima: \u00bfest\u00e1 autorizado a conducir el veh\u00edculo que desea? La legislaci\u00f3n de tr\u00e1fico es estricta, y <strong>alquilar un veh\u00edculo comercial con un permiso B est\u00e1<\/strong> sujeto a normas precisas que hay que respetar. <\/p>\n\n<hr class=\"wp-block-separator has-alpha-channel-opacity\"\/>\n\n<h2 class=\"wp-block-heading\">El l\u00edmite de 3,5 toneladas (permiso B)<\/h2>\n\n<p class=\"wp-block-paragraph\">Con un permiso de conducir de categor\u00eda B est\u00e1ndar (turismo), la <a href=\"https:\/\/www.fedlex.admin.ch\/eli\/cc\/1959\/679_705_685\/fr\" target=\"_blank\" rel=\"noreferrer noopener\">legislaci\u00f3n de tr\u00e1fico suiza (LCR)<\/a> te autoriza a conducir un veh\u00edculo cuyo <strong>peso m\u00e1ximo autorizado (PTAC) no supere los 3 500 kg (3,5 toneladas)<\/strong>. Esto incluye el peso del veh\u00edculo en vac\u00edo, el peso de los pasajeros y, por supuesto, el peso de la carga. La gran mayor\u00eda de las furgonetas de entre 10 y 22 m\u00b3 que ofrecen las agencias de alquiler entran dentro de esta categor\u00eda.  <\/p>\n\n<hr class=\"wp-block-separator has-alpha-channel-opacity\"\/>\n\n<h2 class=\"wp-block-heading\">Cuidado con la trampa de la \u00abcarga \u00fatil<\/h2>\n\n<p class=\"wp-block-paragraph\">Aqu\u00ed es donde las cosas se complican. Cuanto m\u00e1s grande y mejor equipada est\u00e9 una furgoneta (por ejemplo, con un elevador trasero muy pr\u00e1ctico para cargas pesadas), m\u00e1s pesada ser\u00e1 cuando est\u00e9 vac\u00eda. En consecuencia, su \u00abcarga \u00fatil\u00bb (el peso total de muebles y cajas que puedes meter dentro) disminuye.  <\/p>\n\n<p class=\"wp-block-paragraph\">No es raro que un cami\u00f3n grande de 20 m\u00b3 solo pueda transportar legalmente 800 kg de mercanc\u00eda antes de superar las 3,5 toneladas reglamentarias. Si transportas objetos muy pesados (libros, electrodom\u00e9sticos, herramientas), presta atenci\u00f3n a la normativa de<a href=\"https:\/\/www.astra.admin.ch\/fr\/\" target=\"_blank\" rel=\"noreferrer noopener\">la Oficina Federal de Carreteras (OFROU)<\/a> para evitar multas en caso de que las autoridades de tr\u00e1fico realicen un control de peso. <\/p>\n\n<div class=\"wp-block-group a-retenir is-vertical is-layout-flex wp-container-core-group-is-layout-4fc3f8e1 wp-block-group-is-layout-flex\">\n<p class=\"wp-block-paragraph\"><strong>\ud83d\udce6<\/strong> <strong>Para recordar:<\/strong><\/p>\n\n\n\n<p class=\"wp-block-paragraph\">El permiso de conducir \u00abB\u00bb es suficiente para la mayor\u00eda de las furgonetas de mudanzas de hasta 3,5 toneladas. Comprueba siempre la \u00abcarga \u00fatil\u00bb del veh\u00edculo que alquiles para asegurarte de que puedes transportar legalmente tus muebles m\u00e1s pesados. <\/p>\n<\/div>\n\n<h2 class=\"wp-block-heading\">3. Compara precios y entiende tu contrato de alquiler<\/h2>\n\n<p class=\"wp-block-paragraph\">El <strong>precio de alquilar una furgoneta de mudanzas<\/strong> puede variar hasta tres veces, dependiendo del periodo, la agencia y las opciones que elija. Para controlar tu presupuesto, tienes que leer entre l\u00edneas. <\/p>\n\n<hr class=\"wp-block-separator has-alpha-channel-opacity\"\/>\n\n<h3 class=\"wp-block-heading\">Factores que influyen en la tasa<\/h3>\n\n<ul class=\"wp-block-list\">\n<li><strong>Momento del alquiler:<\/strong> mudarse un s\u00e1bado a final de mes (cuando tradicionalmente terminan los contratos de alquiler) le costar\u00e1 bastante m\u00e1s que alquilar una furgoneta un martes a mediados de mes.<\/li>\n\n\n\n<li><strong>El kilometraje:<\/strong> Las tarifas fijas suelen incluir un n\u00famero limitado de kil\u00f3metros (a menudo 100 km). Si te mudas a una distancia considerable (sobre todo si tienes previsto <a href=\"https:\/\/stockeet.ch\/es\/blog\/mudarse-a-suiza-la-guia-completa-en-5-pasos-para-extranjeros\/\">mudarte a Suiza desde el extranjero<\/a>), calcula bien el trayecto de ida y vuelta para evitar costes adicionales por kil\u00f3metro extra. <\/li>\n\n\n\n<li><strong>Seguro y franquicias:<\/strong> Este es el punto crucial. En caso de ara\u00f1azo en la carrocer\u00eda, la franquicia de base puede ascender a varios miles de francos. Opta siempre por un seguro adicional (recompra de la franquicia) para reducir este importe.  <\/li>\n<\/ul>\n\n<h3 class=\"wp-block-heading\">Inventario de veh\u00edculos<\/h3>\n\n<p class=\"wp-block-paragraph\">Antes de firmar el contrato y ponerte al volante, inspecciona meticulosamente la furgoneta. Toma nota de cada ara\u00f1azo, impacto en el parabrisas o abolladura en la carrocer\u00eda en presencia de la empresa de alquiler. No dudes en hacer fotos con tu smartphone, con indicaci\u00f3n de fecha y hora. As\u00ed evitar\u00e1s pagar por da\u00f1os causados por anteriores arrendatarios.   <\/p>\n\n<hr class=\"wp-block-separator has-alpha-channel-opacity\"\/>\n\n<figure class=\"wp-block-image size-large\"><a href=\"https:\/\/stockeet.ch\/wp-content\/uploads\/2026\/03\/h3-Letat-des-lieux-du-vehicule.jpg\"><img decoding=\"async\" width=\"1024\" height=\"559\" src=\"https:\/\/stockeet.ch\/wp-content\/uploads\/2026\/03\/h3-Letat-des-lieux-du-vehicule-1024x559.jpg\" alt=\"Agente de alquiler se&#xF1;alando un ara&#xF1;azo en un cami&#xF3;n de mudanzas durante la inspecci&#xF3;n del estado del inmueble\" class=\"wp-image-5728\" srcset=\"https:\/\/stockeet.ch\/wp-content\/uploads\/2026\/03\/h3-Letat-des-lieux-du-vehicule-1024x559.jpg 1024w, https:\/\/stockeet.ch\/wp-content\/uploads\/2026\/03\/h3-Letat-des-lieux-du-vehicule-300x164.jpg 300w, https:\/\/stockeet.ch\/wp-content\/uploads\/2026\/03\/h3-Letat-des-lieux-du-vehicule-768x419.jpg 768w, https:\/\/stockeet.ch\/wp-content\/uploads\/2026\/03\/h3-Letat-des-lieux-du-vehicule-150x82.jpg 150w, https:\/\/stockeet.ch\/wp-content\/uploads\/2026\/03\/h3-Letat-des-lieux-du-vehicule.jpg 1408w\" sizes=\"(max-width: 1024px) 100vw, 1024px\" \/><\/a><\/figure>\n\n<div class=\"wp-block-group a-retenir is-vertical is-layout-flex wp-container-core-group-is-layout-4fc3f8e1 wp-block-group-is-layout-flex\">\n<p class=\"wp-block-paragraph\"><strong>\ud83d\udce6<\/strong> <strong>Para recordar:<\/strong><\/p>\n\n\n\n<p class=\"wp-block-paragraph\">Compara las ofertas, incluido el kilometraje real que necesitar\u00e1s y el coste de la recompra de la franquicia. Un precio inicial muy bajo suele ocultar costes adicionales elevados. No descuides nunca el inventario de accesorios a la salida.  <\/p>\n<\/div>\n\n<h2 class=\"wp-block-heading\">4. Conducir un veh\u00edculo pesado: normas y seguridad<\/h2>\n\n<p class=\"wp-block-paragraph\">Conducir una <strong>furgoneta<\/strong> de 20 m\u00b3 no se parece en nada a conducir tu coche urbano habitual. El tama\u00f1o del veh\u00edculo obliga a extremar la vigilancia para garantizar tu seguridad y la de tus muebles. <\/p>\n\n<h3 class=\"wp-block-heading\">Entender la plantilla<\/h3>\n\n<ul class=\"wp-block-list\">\n<li><strong>Altura:<\/strong> una furgoneta de mudanzas suele medir casi 3 metros de altura. Olv\u00eddese de los aparcamientos subterr\u00e1neos y de los accesos rodados, y tenga mucho cuidado con los puentes bajos, muy habituales en las carreteras secundarias. Recuerda la altura exacta de tu veh\u00edculo (suele estar escrita en el salpicadero).  <\/li>\n\n\n\n<li><strong>Longitud y distancia entre ejes:<\/strong> un veh\u00edculo m\u00e1s largo obliga a tomar las curvas con mucha m\u00e1s amplitud de lo habitual. Si giras demasiado pronto, corres el riesgo de que el lateral del veh\u00edculo roce con un muro, un poste o un bordillo. T\u00f3mate tu tiempo en las intersecciones y rotondas.  <\/li>\n\n\n\n<li><strong>Puntos ciegos:<\/strong> Los camiones no tienen retrovisor central (debido a la carrocer\u00eda trasera), por lo que es necesario utilizar los retrovisores exteriores en todo momento. Al maniobrar, pide siempre a alguien cercano que te gu\u00ede desde el exterior. <\/li>\n<\/ul>\n\n<hr class=\"wp-block-separator has-alpha-channel-opacity\"\/>\n\n<figure class=\"wp-block-image size-large\"><a href=\"https:\/\/stockeet.ch\/wp-content\/uploads\/2026\/03\/h3-Apprehender-le-gabarit.jpg\"><img decoding=\"async\" width=\"1024\" height=\"559\" src=\"https:\/\/stockeet.ch\/wp-content\/uploads\/2026\/03\/h3-Apprehender-le-gabarit-1024x559.jpg\" alt=\"Hombre que gu&#xED;a a pie un cami&#xF3;n de mudanzas por un callej&#xF3;n estrecho\" class=\"wp-image-5734\" srcset=\"https:\/\/stockeet.ch\/wp-content\/uploads\/2026\/03\/h3-Apprehender-le-gabarit-1024x559.jpg 1024w, https:\/\/stockeet.ch\/wp-content\/uploads\/2026\/03\/h3-Apprehender-le-gabarit-300x164.jpg 300w, https:\/\/stockeet.ch\/wp-content\/uploads\/2026\/03\/h3-Apprehender-le-gabarit-768x419.jpg 768w, https:\/\/stockeet.ch\/wp-content\/uploads\/2026\/03\/h3-Apprehender-le-gabarit-150x82.jpg 150w, https:\/\/stockeet.ch\/wp-content\/uploads\/2026\/03\/h3-Apprehender-le-gabarit.jpg 1408w\" sizes=\"(max-width: 1024px) 100vw, 1024px\" \/><\/a><\/figure>\n\n<h3 class=\"wp-block-heading\">Adaptar la conducci\u00f3n<\/h3>\n\n<p class=\"wp-block-paragraph\">El peso de la carga modifica el comportamiento del veh\u00edculo. La distancia de frenado es considerablemente mayor y el centro de gravedad m\u00e1s alto hace que la furgoneta sea sensible a los vientos laterales. Adopta un estilo de conducci\u00f3n flexible, anticipa las maniobras de frenado y reduce la velocidad, sobre todo en autopista o en los sinuosos descensos de nuestras monta\u00f1as.  <\/p>\n\n<div class=\"wp-block-group astuce is-vertical is-layout-flex wp-container-core-group-is-layout-4fc3f8e1 wp-block-group-is-layout-flex\">\n<p class=\"wp-block-paragraph\"><em><strong>\ud83d\udca1 Consejo de experto:<\/strong><\/em><\/p>\n\n\n\n<p class=\"wp-block-paragraph\"><em>Para que el traslado salga bien, tambi\u00e9n es importante prepararse bien con antelaci\u00f3n. Para organizarte lo mejor posible el d\u00eda del traslado, consulta <a href=\"https:\/\/stockeet.ch\/es\/blog\/7-consejos-para-una-mudanza-exitosa\/\">los pasos imprescindibles que te facilitar\u00e1n la mudanza<\/a>. <\/em><\/p>\n<\/div>\n\n<div class=\"wp-block-group a-retenir is-vertical is-layout-flex wp-container-core-group-is-layout-4fc3f8e1 wp-block-group-is-layout-flex\">\n<p class=\"wp-block-paragraph\"><strong>\ud83d\udce6<\/strong> <strong>Para recordar:<\/strong><\/p>\n\n\n\n<p class=\"wp-block-paragraph\">Toma curvas amplias para no da\u00f1ar los laterales, s\u00e9 obsesivo con la altura para no arrancar el techo y anticipa las frenadas. Nunca maniobres marcha atr\u00e1s sin la ayuda de un gu\u00eda a pie. <\/p>\n<\/div>\n\n<h2 class=\"wp-block-heading\">5. Material y equipamiento: optimizar el espacio y proteger sus posesiones<\/h2>\n\n<p class=\"wp-block-paragraph\">No basta con contratar la furgoneta de mudanzas adecuada, tambi\u00e9n hay que equiparla correctamente. Una carga mal asegurada es peligrosa y puede causar da\u00f1os irreparables a sus pertenencias a la menor sacudida. <\/p>\n\n<ul class=\"wp-block-list\">\n<li><strong>Correas de amarre:<\/strong> Son esenciales. Las furgonetas profesionales est\u00e1n equipadas con ra\u00edles para fijarlas a las paredes interiores. Amarra los muebles pesados (nevera, lavadora, armarios) a las paredes para evitar que vuelquen.  <\/li>\n\n\n\n<li><strong>Mantas protectoras:<\/strong> No escatime en mantas. Protegen las esquinas de tus muebles de madera y las pantallas de televisi\u00f3n y evitan que los objetos rocen entre s\u00ed durante el transporte. <\/li>\n\n\n\n<li><strong>La carre<\/strong> tilla de mano: A menudo ofrecida como opci\u00f3n por las agencias de alquiler, la carretilla de mano es tu mejor aliada para proteger tu espalda y transportar varias cajas apiladas o electrodom\u00e9sticos pesados desde tu rellano hasta el port\u00f3n trasero del cami\u00f3n.<\/li>\n<\/ul>\n\n<hr class=\"wp-block-separator has-alpha-channel-opacity\"\/>\n\n<figure class=\"wp-block-image size-large\"><a href=\"https:\/\/stockeet.ch\/wp-content\/uploads\/2026\/03\/h2-5.-Materiel-et-equipements-optimiser-lespace-et-proteger-vos-biens.jpg\"><img loading=\"lazy\" decoding=\"async\" width=\"1024\" height=\"559\" src=\"https:\/\/stockeet.ch\/wp-content\/uploads\/2026\/03\/h2-5.-Materiel-et-equipements-optimiser-lespace-et-proteger-vos-biens-1024x559.jpg\" alt=\"Interior de un cami&#xF3;n de mudanzas cargado con correas de sujeci&#xF3;n, mantas y cajas de cart&#xF3;n\" class=\"wp-image-5740\" srcset=\"https:\/\/stockeet.ch\/wp-content\/uploads\/2026\/03\/h2-5.-Materiel-et-equipements-optimiser-lespace-et-proteger-vos-biens-1024x559.jpg 1024w, https:\/\/stockeet.ch\/wp-content\/uploads\/2026\/03\/h2-5.-Materiel-et-equipements-optimiser-lespace-et-proteger-vos-biens-300x164.jpg 300w, https:\/\/stockeet.ch\/wp-content\/uploads\/2026\/03\/h2-5.-Materiel-et-equipements-optimiser-lespace-et-proteger-vos-biens-768x419.jpg 768w, https:\/\/stockeet.ch\/wp-content\/uploads\/2026\/03\/h2-5.-Materiel-et-equipements-optimiser-lespace-et-proteger-vos-biens-150x82.jpg 150w, https:\/\/stockeet.ch\/wp-content\/uploads\/2026\/03\/h2-5.-Materiel-et-equipements-optimiser-lespace-et-proteger-vos-biens.jpg 1408w\" sizes=\"(max-width: 1024px) 100vw, 1024px\" \/><\/a><\/figure>\n\n<div class=\"wp-block-group a-retenir is-vertical is-layout-flex wp-container-core-group-is-layout-4fc3f8e1 wp-block-group-is-layout-flex\">\n<p class=\"wp-block-paragraph\"><strong>\ud83d\udce6<\/strong> <strong>Para recordar:<\/strong><\/p>\n\n\n\n<p class=\"wp-block-paragraph\">No te vayas con las manos vac\u00edas. Alquila o compra correas, mantas gruesas y una plataforma rodante. Una carga bien sujeta garantiza la integridad de tus pertenencias durante el viaje.  <\/p>\n<\/div>\n\n<h2 class=\"wp-block-heading\">6. Los imprevistos de una mudanza: \u00bfy si no cabe todo?<\/h2>\n\n<p class=\"wp-block-paragraph\">Incluso con la mejor planificaci\u00f3n del mundo, la realidad sobre el terreno a veces depara sorpresas. A menudo ocurre que la nueva casa resulta ser m\u00e1s peque\u00f1a de lo esperado, que falta un s\u00f3tano o que las obras de reforma se retrasan, impidi\u00e9ndole trasladar todos sus muebles de inmediato. <\/p>\n\n<p class=\"wp-block-paragraph\">\u00bfQu\u00e9 debe hacer con sus pertenencias que a\u00fan est\u00e1n en la parte trasera del cami\u00f3n alquilado y que debe devolver a la agencia antes de las 18.00 horas?<\/p>\n\n<p class=\"wp-block-paragraph\">Es precisamente en estos momentos de transici\u00f3n cuando el alquiler de un trastero cobra todo su sentido. Guardar temporalmente sus muebles le da una tranquilidad inmensa. No tienes que tirar tus pertenencias deprisa ni desordenar el sal\u00f3n de tu piso reci\u00e9n pintado.  <\/p>\n\n<div class=\"wp-block-group astuce is-vertical is-layout-flex wp-container-core-group-is-layout-4fc3f8e1 wp-block-group-is-layout-flex\">\n<p class=\"wp-block-paragraph\"><em><strong>\ud83d\udca1 Consejo de experto:<\/strong><\/em><\/p>\n\n\n\n<p class=\"wp-block-paragraph\"><em><em>Si quieres profundizar en este tema, consulta <a href=\"https:\/\/stockeet.ch\/es\/blog\/renovacion-opte-por-un-box-seguro-de-alquiler\/\">\u00ab\u00bfPor qu\u00e9 optar por un trastero de alquiler durante una reforma en Suiza?\u00bb<\/a> o echa un vistazo a nuestra gu\u00eda <a href=\"https:\/\/stockeet.ch\/es\/blog\/que-tamano-de-trastero-elegir\/\">\u00ab\u00bfQu\u00e9 tama\u00f1o de trastero es el m\u00e1s adecuado para ti? <\/a>\u00bb.<\/em><\/em><\/p>\n<\/div>\n\n<hr class=\"wp-block-separator has-alpha-channel-opacity\"\/>\n\n<figure class=\"wp-block-image size-large\"><a href=\"https:\/\/stockeet.ch\/wp-content\/uploads\/2026\/03\/h2-6.-Limprevu-du-demenagement-et-si-tout-ne-rentre-pas-.jpg\"><img loading=\"lazy\" decoding=\"async\" width=\"1024\" height=\"559\" src=\"https:\/\/stockeet.ch\/wp-content\/uploads\/2026\/03\/h2-6.-Limprevu-du-demenagement-et-si-tout-ne-rentre-pas--1024x559.jpg\" alt=\"\" class=\"wp-image-5746\" srcset=\"https:\/\/stockeet.ch\/wp-content\/uploads\/2026\/03\/h2-6.-Limprevu-du-demenagement-et-si-tout-ne-rentre-pas--1024x559.jpg 1024w, https:\/\/stockeet.ch\/wp-content\/uploads\/2026\/03\/h2-6.-Limprevu-du-demenagement-et-si-tout-ne-rentre-pas--300x164.jpg 300w, https:\/\/stockeet.ch\/wp-content\/uploads\/2026\/03\/h2-6.-Limprevu-du-demenagement-et-si-tout-ne-rentre-pas--768x419.jpg 768w, https:\/\/stockeet.ch\/wp-content\/uploads\/2026\/03\/h2-6.-Limprevu-du-demenagement-et-si-tout-ne-rentre-pas--150x82.jpg 150w, https:\/\/stockeet.ch\/wp-content\/uploads\/2026\/03\/h2-6.-Limprevu-du-demenagement-et-si-tout-ne-rentre-pas-.jpg 1408w\" sizes=\"(max-width: 1024px) 100vw, 1024px\" \/><\/a><\/figure>\n\n<div class=\"wp-block-group a-retenir is-vertical is-layout-flex wp-container-core-group-is-layout-4fc3f8e1 wp-block-group-is-layout-flex\">\n<p class=\"wp-block-paragraph\"><strong>\ud83d\udce6<\/strong> <strong>Para recordar:<\/strong><\/p>\n\n\n\n<p class=\"wp-block-paragraph\">\u00bfHa encontrado la <strong>furgoneta<\/strong> ideal, pero se da cuenta de que no tiene espacio suficiente para guardar algunas de sus pertenencias hasta que termine la reforma?<\/p>\n\n\n\n<p class=\"wp-block-paragraph\"><br\/>No deje que la falta de espacio le estropee la alegr\u00eda de su nuevo comienzo. En <strong>Stockeet<\/strong>, le ofrecemos soluciones de self-storage seguras, flexibles y adaptadas a sus necesidades, ya sea para unas semanas o para varios meses. Benef\u00edciese de espacios limpios, de f\u00e1cil acceso y protegidos por los mejores sistemas de seguridad de Suiza.  <\/p>\n\n\n\n<p class=\"wp-block-paragraph\"><\/p>\n<\/div>\n\n<p class=\"wp-block-paragraph\">\u00bfQuiere saber m\u00e1s sobre nuestros precios o necesita asesoramiento para calcular el tama\u00f1o de caja que necesita? Nuestros expertos est\u00e1n aqu\u00ed para ayudarle en este periodo de transici\u00f3n. <\/p>\n\n<div class=\"wp-block-group article-cta is-vertical is-content-justification-center is-layout-flex wp-container-core-group-is-layout-524f8de7 wp-block-group-is-layout-flex\">\n<p class=\"wp-block-paragraph\">\ud83d\udcde P\u00f3ngase en contacto con nosotros hoy mismo en el: <a href=\"tel:+41218003000\">021 800 30 00<\/a><\/p>\n\n\n\n<div class=\"wp-block-buttons is-layout-flex wp-block-buttons-is-layout-flex\"><\/div>\n\n\n\n<p class=\"cta-button wp-block-paragraph\"><a href=\"https:\/\/stockeet.ch\/es\/nuestras-ofertas\/\" target=\"_blank\" rel=\"noreferrer noopener\">M\u00e1s informaci\u00f3n sobre nuestras ofertas<\/a><\/p>\n<\/div>\n\n<figure class=\"wp-block-image size-full\"><a href=\"https:\/\/stockeet.ch\/wp-content\/uploads\/2026\/03\/Design-sans-titre-7.png\"><img loading=\"lazy\" decoding=\"async\" width=\"924\" height=\"500\" src=\"https:\/\/stockeet.ch\/wp-content\/uploads\/2026\/03\/Design-sans-titre-7.png\" alt=\"Una pareja celebra haber ordenado con &#xE9;xito sus cajas en un trastero de Stockeet situado en Aclens, a 15 minutos de Lausana.\" class=\"wp-image-5871\" srcset=\"https:\/\/stockeet.ch\/wp-content\/uploads\/2026\/03\/Design-sans-titre-7.png 924w, https:\/\/stockeet.ch\/wp-content\/uploads\/2026\/03\/Design-sans-titre-7-300x162.png 300w, https:\/\/stockeet.ch\/wp-content\/uploads\/2026\/03\/Design-sans-titre-7-768x416.png 768w, https:\/\/stockeet.ch\/wp-content\/uploads\/2026\/03\/Design-sans-titre-7-150x81.png 150w\" sizes=\"(max-width: 924px) 100vw, 924px\" \/><\/a><\/figure>\n\n<hr class=\"wp-block-separator has-alpha-channel-opacity\"\/>\n","protected":false},"excerpt":{"rendered":"<p>\u00bfQu\u00e9 furgoneta elegir para su mudanza a Suiza? C\u00e1lculo de volumen, permisos necesarios, tarifas y<br \/>\nconsejos para transportar sus pertenencias sin estr\u00e9s. <\/p>\n","protected":false},"featured_media":6025,"template":"","meta":{"_acf_changed":false},"class_list":["post-5811","article-de-blog","type-article-de-blog","status-publish","has-post-thumbnail","hentry"],"acf":[],"_links":{"self":[{"href":"https:\/\/stockeet.ch\/es\/wp-json\/wp\/v2\/article-de-blog\/5811","targetHints":{"allow":["GET"]}}],"collection":[{"href":"https:\/\/stockeet.ch\/es\/wp-json\/wp\/v2\/article-de-blog"}],"about":[{"href":"https:\/\/stockeet.ch\/es\/wp-json\/wp\/v2\/types\/article-de-blog"}],"version-history":[{"count":3,"href":"https:\/\/stockeet.ch\/es\/wp-json\/wp\/v2\/article-de-blog\/5811\/revisions"}],"predecessor-version":[{"id":6966,"href":"https:\/\/stockeet.ch\/es\/wp-json\/wp\/v2\/article-de-blog\/5811\/revisions\/6966"}],"wp:featuredmedia":[{"embeddable":true,"href":"https:\/\/stockeet.ch\/es\/wp-json\/wp\/v2\/media\/6025"}],"wp:attachment":[{"href":"https:\/\/stockeet.ch\/es\/wp-json\/wp\/v2\/media?parent=5811"}],"curies":[{"name":"wp","href":"https:\/\/api.w.org\/{rel}","templated":true}]}}