{"id":5039,"date":"2025-04-04T18:12:35","date_gmt":"2025-04-04T16:12:35","guid":{"rendered":"https:\/\/stockeet.ch\/blog\/sotano-o-box-de-alquiler-guia-practica\/"},"modified":"2025-12-12T09:17:37","modified_gmt":"2025-12-12T08:17:37","slug":"sotano-o-box-de-alquiler-guia-practica","status":"publish","type":"article-de-blog","link":"https:\/\/stockeet.ch\/es\/blog\/sotano-o-box-de-alquiler-guia-practica\/","title":{"rendered":"\u00bfS\u00f3tano o box de alquiler? Gu\u00eda pr\u00e1ctica"},"content":{"rendered":"\t\t<div data-elementor-type=\"wp-post\" data-elementor-id=\"5039\" class=\"elementor elementor-5039 elementor-4601\" data-elementor-post-type=\"article-de-blog\">\n\t\t\t\t<div class=\"elementor-element elementor-element-22a1867 e-flex e-con-boxed e-con e-parent\" data-id=\"22a1867\" data-element_type=\"container\">\n\t\t\t\t\t<div class=\"e-con-inner\">\n\t\t\t\t<div class=\"elementor-element elementor-element-3586914 elementor-widget-tablet__width-inherit elementor-widget elementor-widget-heading\" data-id=\"3586914\" data-element_type=\"widget\" data-widget_type=\"heading.default\">\n\t\t\t\t<div class=\"elementor-widget-container\">\n\t\t\t\t\t<h1 class=\"elementor-heading-title elementor-size-default\">Box de alquiler o s\u00f3tano - \u00bfCu\u00e1l es la mejor opci\u00f3n para su almacenamiento en Suiza?<\/h1>\t\t\t\t<\/div>\n\t\t\t\t<\/div>\n\t\t\t\t<div class=\"elementor-element elementor-element-414fb89 elementor-widget-divider--view-line elementor-widget elementor-widget-divider\" data-id=\"414fb89\" data-element_type=\"widget\" data-widget_type=\"divider.default\">\n\t\t\t\t<div class=\"elementor-widget-container\">\n\t\t\t\t\t\t\t<div class=\"elementor-divider\">\n\t\t\t<span class=\"elementor-divider-separator\">\n\t\t\t\t\t\t<\/span>\n\t\t<\/div>\n\t\t\t\t\t\t<\/div>\n\t\t\t\t<\/div>\n\t\t<div class=\"elementor-element elementor-element-6a833a1 e-con-full e-flex e-con e-child\" data-id=\"6a833a1\" data-element_type=\"container\">\n\t\t\t\t<div class=\"elementor-element elementor-element-be76b91 elementor-widget__width-initial elementor-widget elementor-widget-heading\" data-id=\"be76b91\" data-element_type=\"widget\" data-widget_type=\"heading.default\">\n\t\t\t\t<div class=\"elementor-widget-container\">\n\t\t\t\t\t<h2 class=\"elementor-heading-title elementor-size-default\">\u00bfPor qu\u00e9 comparar opciones de almacenamiento: caja o bodega?<span style=\"font-size: 4rem\"><\/span><\/h2>\t\t\t\t<\/div>\n\t\t\t\t<\/div>\n\t\t\t\t<div class=\"elementor-element elementor-element-3db3fc5 elementor-widget__width-initial elementor-invisible elementor-widget elementor-widget-text-editor\" data-id=\"3db3fc5\" data-element_type=\"widget\" data-settings=\"{&quot;_animation&quot;:&quot;fadeInUp&quot;}\" data-widget_type=\"text-editor.default\">\n\t\t\t\t<div class=\"elementor-widget-container\">\n\t\t\t\t\t\t\t\t\t<p>En Suiza, muchas personas se quedan r\u00e1pidamente sin espacio para guardar sus pertenencias, ya sea porque se mudan de casa, est\u00e1n haciendo reformas o simplemente quieren despejar el desorden. La alternativa m\u00e1s com\u00fan es recurrir a un s\u00f3tano o alquilar un trastero. <\/p><p>El objetivo de este art\u00edculo es ayudarte a evaluar las ventajas e inconvenientes de cada soluci\u00f3n, para que puedas elegir con conocimiento de causa tu almac\u00e9n.<\/p>\t\t\t\t\t\t\t\t<\/div>\n\t\t\t\t<\/div>\n\t\t\t\t<div class=\"elementor-element elementor-element-d943ade elementor-widget-divider--view-line elementor-widget elementor-widget-divider\" data-id=\"d943ade\" data-element_type=\"widget\" data-widget_type=\"divider.default\">\n\t\t\t\t<div class=\"elementor-widget-container\">\n\t\t\t\t\t\t\t<div class=\"elementor-divider\">\n\t\t\t<span class=\"elementor-divider-separator\">\n\t\t\t\t\t\t<\/span>\n\t\t<\/div>\n\t\t\t\t\t\t<\/div>\n\t\t\t\t<\/div>\n\t\t\t\t<\/div>\n\t\t\t\t\t<\/div>\n\t\t\t\t<\/div>\n\t\t<div class=\"elementor-element elementor-element-15ba6ae e-flex e-con-boxed e-con e-parent\" data-id=\"15ba6ae\" data-element_type=\"container\">\n\t\t\t\t\t<div class=\"e-con-inner\">\n\t\t<div class=\"elementor-element elementor-element-c041abe e-con-full e-flex e-con e-child\" data-id=\"c041abe\" data-element_type=\"container\">\n\t\t\t\t<div class=\"elementor-element elementor-element-8636907 elementor-widget elementor-widget-image\" data-id=\"8636907\" data-element_type=\"widget\" data-widget_type=\"image.default\">\n\t\t\t\t<div class=\"elementor-widget-container\">\n\t\t\t\t\t\t\t\t\t\t\t\t\t\t\t<img fetchpriority=\"high\" decoding=\"async\" width=\"1024\" height=\"683\" src=\"https:\/\/stockeet.ch\/wp-content\/uploads\/2025\/04\/Tour-dhorizon-du-marche-du-stockage-en-Suisse--1024x683.jpg\" class=\"attachment-large size-large wp-image-4642\" alt=\"\" srcset=\"https:\/\/stockeet.ch\/wp-content\/uploads\/2025\/04\/Tour-dhorizon-du-marche-du-stockage-en-Suisse--1024x683.jpg 1024w, https:\/\/stockeet.ch\/wp-content\/uploads\/2025\/04\/Tour-dhorizon-du-marche-du-stockage-en-Suisse--300x200.jpg 300w, https:\/\/stockeet.ch\/wp-content\/uploads\/2025\/04\/Tour-dhorizon-du-marche-du-stockage-en-Suisse--768x512.jpg 768w, https:\/\/stockeet.ch\/wp-content\/uploads\/2025\/04\/Tour-dhorizon-du-marche-du-stockage-en-Suisse--1536x1024.jpg 1536w, https:\/\/stockeet.ch\/wp-content\/uploads\/2025\/04\/Tour-dhorizon-du-marche-du-stockage-en-Suisse--2048x1365.jpg 2048w\" sizes=\"(max-width: 1024px) 100vw, 1024px\" \/>\t\t\t\t\t\t\t\t\t\t\t\t\t\t\t<\/div>\n\t\t\t\t<\/div>\n\t\t\t\t<div class=\"elementor-element elementor-element-488bbb6 elementor-widget elementor-widget-heading\" data-id=\"488bbb6\" data-element_type=\"widget\" data-widget_type=\"heading.default\">\n\t\t\t\t<div class=\"elementor-widget-container\">\n\t\t\t\t\t<h2 class=\"elementor-heading-title elementor-size-default\">Panorama del mercado de almacenamiento en Suiza<\/h2>\t\t\t\t<\/div>\n\t\t\t\t<\/div>\n\t\t\t\t<div class=\"elementor-element elementor-element-d19a8d3 elementor-widget elementor-widget-text-editor\" data-id=\"d19a8d3\" data-element_type=\"widget\" data-widget_type=\"text-editor.default\">\n\t\t\t\t<div class=\"elementor-widget-container\">\n\t\t\t\t\t\t\t\t\t<p>El mercado del almacenamiento en Suiza est\u00e1 creciendo r\u00e1pidamente, sobre todo gracias al concepto de autoalmacenamiento (o guardamuebles), que atrae cada vez a m\u00e1s particulares que buscan flexibilidad y seguridad, as\u00ed como a profesionales que necesitan espacio temporal para sus bienes, archivos o equipos de temporada. Esta tendencia est\u00e1 impulsada por estilos de vida cada vez m\u00e1s m\u00f3viles, la creciente densidad urbana y la necesidad cada vez mayor de aprovechar al m\u00e1ximo los metros cuadrados disponibles en casa o en la oficina. <br><br>Estos centros de almacenamiento ofrecen una amplia gama de unidades de almacenamiento que se adaptan a una gran variedad de necesidades: almacenamiento temporal durante una mudanza, almacenamiento de muebles o equipamiento deportivo, almacenamiento de documentos delicados o almacenamiento de art\u00edculos de temporada como adornos navide\u00f1os o neum\u00e1ticos de invierno. Los hay de distintos tama\u00f1os, desde peque\u00f1os espacios de 1 m\u00b3 hasta grandes vol\u00famenes que pueden albergar todo el contenido de un piso. <br><br>Estas instalaciones suelen estar equipadas con avanzados sistemas de seguridad (videovigilancia, alarmas, tarjetas de acceso), un servicio de atenci\u00f3n al cliente especializado, amplias facilidades de acceso (a veces 24 horas al d\u00eda, 7 d\u00edas a la semana) e incluso servicios adicionales como la venta de material de embalaje o el alquiler de veh\u00edculos utilitarios.<br>Al mismo tiempo, muchas viviendas en Suiza disponen de una bodega privada, normalmente situada en el s\u00f3tano e incluida en el contrato de alquiler. Estas bodegas son una soluci\u00f3n de almacenamiento sencilla y rentable. Sin embargo, tienen importantes limitaciones: rara vez est\u00e1n ventilados, pueden sufrir humedades, carecen de luz natural e incluso pueden tener problemas de seguridad (sin cerradura fiable, acceso comunitario incontrolado).  <br><br>Adem\u00e1s, su tama\u00f1o y configuraci\u00f3n son fijos, lo que impide adaptar el espacio a las necesidades. Esto puede ser un problema, sobre todo cuando se quieren guardar objetos voluminosos o delicados. Por \u00faltimo, el acceso a estos s\u00f3tanos es a veces restrictivo (escaleras, sin ascensor, pasillos estrechos), lo que hace tediosas las idas y venidas de los usuarios.  <\/p>\t\t\t\t\t\t\t\t<\/div>\n\t\t\t\t<\/div>\n\t\t\t\t<\/div>\n\t\t<div class=\"elementor-element elementor-element-ed84bfc e-con-full e-flex e-con e-child\" data-id=\"ed84bfc\" data-element_type=\"container\">\n\t\t\t\t<div class=\"elementor-element elementor-element-09df39c elementor-widget elementor-widget-image\" data-id=\"09df39c\" data-element_type=\"widget\" data-widget_type=\"image.default\">\n\t\t\t\t<div class=\"elementor-widget-container\">\n\t\t\t\t\t\t\t\t\t\t\t\t\t\t\t<img decoding=\"async\" width=\"1024\" height=\"683\" src=\"https:\/\/stockeet.ch\/wp-content\/uploads\/2025\/04\/Avantages-de-la-location-de-box--1024x683.jpg\" class=\"attachment-large size-large wp-image-4708\" alt=\"\" srcset=\"https:\/\/stockeet.ch\/wp-content\/uploads\/2025\/04\/Avantages-de-la-location-de-box--1024x683.jpg 1024w, https:\/\/stockeet.ch\/wp-content\/uploads\/2025\/04\/Avantages-de-la-location-de-box--300x200.jpg 300w, https:\/\/stockeet.ch\/wp-content\/uploads\/2025\/04\/Avantages-de-la-location-de-box--768x512.jpg 768w, https:\/\/stockeet.ch\/wp-content\/uploads\/2025\/04\/Avantages-de-la-location-de-box--1536x1024.jpg 1536w, https:\/\/stockeet.ch\/wp-content\/uploads\/2025\/04\/Avantages-de-la-location-de-box--2048x1365.jpg 2048w\" sizes=\"(max-width: 1024px) 100vw, 1024px\" \/>\t\t\t\t\t\t\t\t\t\t\t\t\t\t\t<\/div>\n\t\t\t\t<\/div>\n\t\t\t\t<div class=\"elementor-element elementor-element-ba0af7f elementor-widget elementor-widget-heading\" data-id=\"ba0af7f\" data-element_type=\"widget\" data-widget_type=\"heading.default\">\n\t\t\t\t<div class=\"elementor-widget-container\">\n\t\t\t\t\t<h2 class=\"elementor-heading-title elementor-size-default\">Ventajas de alquilar una consigna<\/h2>\t\t\t\t<\/div>\n\t\t\t\t<\/div>\n\t\t<div class=\"elementor-element elementor-element-85fb632 e-con-full e-flex e-con e-child\" data-id=\"85fb632\" data-element_type=\"container\">\n\t\t<div class=\"elementor-element elementor-element-b3496c0 e-con-full e-flex e-con e-child\" data-id=\"b3496c0\" data-element_type=\"container\">\n\t\t\t\t<div class=\"elementor-element elementor-element-463fe18 elementor-widget elementor-widget-heading\" data-id=\"463fe18\" data-element_type=\"widget\" data-widget_type=\"heading.default\">\n\t\t\t\t<div class=\"elementor-widget-container\">\n\t\t\t\t\t<h3 class=\"elementor-heading-title elementor-size-default\">Mayor seguridad<\/h3>\t\t\t\t<\/div>\n\t\t\t\t<\/div>\n\t\t\t\t<div class=\"elementor-element elementor-element-3e50999 elementor-widget elementor-widget-text-editor\" data-id=\"3e50999\" data-element_type=\"widget\" data-widget_type=\"text-editor.default\">\n\t\t\t\t<div class=\"elementor-widget-container\">\n\t\t\t\t\t\t\t\t\t<p>La mayor\u00eda de los centros de almacenamiento est\u00e1n equipados con dispositivos de seguridad de \u00faltima generaci\u00f3n, como c\u00e1maras de vigilancia continua, sistemas de detecci\u00f3n de movimiento, alarmas contra intrusos y controles de acceso digitales personalizados (tarjeta identificativa, c\u00f3digo PIN o reconocimiento biom\u00e9trico). Esta infraestructura proporciona un nivel de protecci\u00f3n mucho mayor que el que ofrece una bodega dom\u00e9stica, a menudo vulnerable a robos o intrusiones accidentales. Algunos centros disponen incluso de personal in situ o de servicios de televigilancia las 24 horas del d\u00eda para garantizar una seguridad constante.  <\/p>\t\t\t\t\t\t\t\t<\/div>\n\t\t\t\t<\/div>\n\t\t\t\t<\/div>\n\t\t\t\t<\/div>\n\t\t<div class=\"elementor-element elementor-element-3421ae9 e-con-full e-flex e-con e-child\" data-id=\"3421ae9\" data-element_type=\"container\">\n\t\t<div class=\"elementor-element elementor-element-0b5a915 e-con-full e-flex e-con e-child\" data-id=\"0b5a915\" data-element_type=\"container\">\n\t\t\t\t<div class=\"elementor-element elementor-element-6dfa1fe elementor-widget elementor-widget-heading\" data-id=\"6dfa1fe\" data-element_type=\"widget\" data-widget_type=\"heading.default\">\n\t\t\t\t<div class=\"elementor-widget-container\">\n\t\t\t\t\t<h3 class=\"elementor-heading-title elementor-size-default\">Espacios adaptados<\/h3>\t\t\t\t<\/div>\n\t\t\t\t<\/div>\n\t\t\t\t<div class=\"elementor-element elementor-element-0403aec elementor-widget elementor-widget-text-editor\" data-id=\"0403aec\" data-element_type=\"widget\" data-widget_type=\"text-editor.default\">\n\t\t\t\t<div class=\"elementor-widget-container\">\n\t\t\t\t\t\t\t\t\t<p>Los boxes est\u00e1n disponibles en una amplia gama de tama\u00f1os, desde unos pocos metros c\u00fabicos hasta varias docenas. Esta flexibilidad le permite adaptar el espacio que alquila a sus necesidades reales, tanto si quiere guardar unas pocas cajas como todos los muebles de un piso. Algunos centros van m\u00e1s all\u00e1 y ofrecen unidades de almacenamiento con aire acondicionado o ventilaci\u00f3n, ideales para objetos delicados como obras de arte, documentos en papel, equipos electr\u00f3nicos o instrumentos musicales. El interior suele estar limpio, seco, bien iluminado y se mantiene con regularidad para garantizar unas condiciones \u00f3ptimas de almacenamiento.   <\/p>\t\t\t\t\t\t\t\t<\/div>\n\t\t\t\t<\/div>\n\t\t\t\t<\/div>\n\t\t\t\t<\/div>\n\t\t<div class=\"elementor-element elementor-element-5d65d86 e-con-full e-flex e-con e-child\" data-id=\"5d65d86\" data-element_type=\"container\">\n\t\t<div class=\"elementor-element elementor-element-85431a8 e-con-full e-flex e-con e-child\" data-id=\"85431a8\" data-element_type=\"container\">\n\t\t\t\t<div class=\"elementor-element elementor-element-e338b5f elementor-widget elementor-widget-heading\" data-id=\"e338b5f\" data-element_type=\"widget\" data-widget_type=\"heading.default\">\n\t\t\t\t<div class=\"elementor-widget-container\">\n\t\t\t\t\t<h3 class=\"elementor-heading-title elementor-size-default\">Accesibilidad flexible  <\/h3>\t\t\t\t<\/div>\n\t\t\t\t<\/div>\n\t\t\t\t<div class=\"elementor-element elementor-element-f561d52 elementor-widget elementor-widget-text-editor\" data-id=\"f561d52\" data-element_type=\"widget\" data-widget_type=\"text-editor.default\">\n\t\t\t\t<div class=\"elementor-widget-container\">\n\t\t\t\t\t\t\t\t\t<p>Una de las principales ventajas del self-storage es que puede acceder a su espacio en cualquier momento. De hecho, muchos centros ofrecen acceso las 24 horas del d\u00eda, los 7 d\u00edas de la semana, lo que ofrece una gran flexibilidad, sobre todo para los profesionales o las personas que trabajan en horarios intempestivos. Adem\u00e1s, la disposici\u00f3n de los centros permite un c\u00f3modo acceso en coche, a veces hasta el pie de la unidad, lo que facilita la carga y descarga de mercanc\u00edas sin estr\u00e9s ni limitaciones de tiempo.  <\/p>\t\t\t\t\t\t\t\t<\/div>\n\t\t\t\t<\/div>\n\t\t\t\t<\/div>\n\t\t\t\t<\/div>\n\t\t\t\t<\/div>\n\t\t<div class=\"elementor-element elementor-element-341ae4f e-con-full e-flex e-con e-child\" data-id=\"341ae4f\" data-element_type=\"container\">\n\t\t\t\t<div class=\"elementor-element elementor-element-8dfb765 elementor-widget elementor-widget-heading\" data-id=\"8dfb765\" data-element_type=\"widget\" data-widget_type=\"heading.default\">\n\t\t\t\t<div class=\"elementor-widget-container\">\n\t\t\t\t\t<h2 class=\"elementor-heading-title elementor-size-default\">Desventajas del alquiler de cajas<\/h2>\t\t\t\t<\/div>\n\t\t\t\t<\/div>\n\t\t<div class=\"elementor-element elementor-element-49871ea e-con-full e-flex e-con e-child\" data-id=\"49871ea\" data-element_type=\"container\">\n\t\t<div class=\"elementor-element elementor-element-abfc7e3 e-con-full e-flex e-con e-child\" data-id=\"abfc7e3\" data-element_type=\"container\">\n\t\t\t\t<div class=\"elementor-element elementor-element-4b2f5a3 elementor-widget elementor-widget-heading\" data-id=\"4b2f5a3\" data-element_type=\"widget\" data-widget_type=\"heading.default\">\n\t\t\t\t<div class=\"elementor-widget-container\">\n\t\t\t\t\t<h3 class=\"elementor-heading-title elementor-size-default\">Costes potencialmente m\u00e1s elevados  <\/h3>\t\t\t\t<\/div>\n\t\t\t\t<\/div>\n\t\t\t\t<div class=\"elementor-element elementor-element-61d7150 elementor-widget elementor-widget-text-editor\" data-id=\"61d7150\" data-element_type=\"widget\" data-widget_type=\"text-editor.default\">\n\t\t\t\t<div class=\"elementor-widget-container\">\n\t\t\t\t\t\t\t\t\t<p>El precio del alquiler de un trastero puede ser bastante m\u00e1s elevado que el de una bodega, sobre todo en centros urbanos como Ginebra, Lausana o Z\u00farich, donde la demanda es elevada y el espacio limitado. Este coste se explica por los servicios incluidos (seguridad, accesibilidad, mantenimiento), la flexibilidad ofrecida y la calidad de las instalaciones. Adem\u00e1s del alquiler mensual, puede haber costes adicionales, como el seguro obligatorio, el alquiler de candados de seguridad o los gastos administrativos de apertura de un contrato. A largo plazo, estos gastos pueden representar un presupuesto considerable si no se prev\u00e9n.   <\/p>\t\t\t\t\t\t\t\t<\/div>\n\t\t\t\t<\/div>\n\t\t\t\t<\/div>\n\t\t\t\t<\/div>\n\t\t<div class=\"elementor-element elementor-element-c54f1bd e-con-full e-flex e-con e-child\" data-id=\"c54f1bd\" data-element_type=\"container\">\n\t\t<div class=\"elementor-element elementor-element-481a857 e-con-full e-flex e-con e-child\" data-id=\"481a857\" data-element_type=\"container\">\n\t\t\t\t<div class=\"elementor-element elementor-element-a380b1b elementor-widget elementor-widget-heading\" data-id=\"a380b1b\" data-element_type=\"widget\" data-widget_type=\"heading.default\">\n\t\t\t\t<div class=\"elementor-widget-container\">\n\t\t\t\t\t<h3 class=\"elementor-heading-title elementor-size-default\">Lugares a veces alejados de casa  <\/h3>\t\t\t\t<\/div>\n\t\t\t\t<\/div>\n\t\t\t\t<div class=\"elementor-element elementor-element-0654f1d elementor-widget elementor-widget-text-editor\" data-id=\"0654f1d\" data-element_type=\"widget\" data-widget_type=\"text-editor.default\">\n\t\t\t\t<div class=\"elementor-widget-container\">\n\t\t\t\t\t\t\t\t\t<p>Dependiendo de d\u00f3nde viva, los centros de almacenamiento m\u00e1s cercanos pueden estar en las afueras de la ciudad o en pol\u00edgonos industriales, lo que puede obligarle a desplazarse en coche. Esto puede ser restrictivo si necesitas acceder con regularidad a tus pertenencias, sobre todo si trabajas o guardas objetos que utilizas con frecuencia. No obstante, algunos centros ofrecen servicios de transporte o entrega para paliar esta limitaci\u00f3n, pero ello supone un coste adicional.  <\/p>\t\t\t\t\t\t\t\t<\/div>\n\t\t\t\t<\/div>\n\t\t\t\t<\/div>\n\t\t\t\t<\/div>\n\t\t<div class=\"elementor-element elementor-element-994dc27 e-con-full e-flex e-con e-child\" data-id=\"994dc27\" data-element_type=\"container\">\n\t\t<div class=\"elementor-element elementor-element-4b9f56c e-con-full e-flex e-con e-child\" data-id=\"4b9f56c\" data-element_type=\"container\">\n\t\t\t\t<div class=\"elementor-element elementor-element-6551293 elementor-widget elementor-widget-heading\" data-id=\"6551293\" data-element_type=\"widget\" data-widget_type=\"heading.default\">\n\t\t\t\t<div class=\"elementor-widget-container\">\n\t\t\t\t\t<h3 class=\"elementor-heading-title elementor-size-default\">Contratos y condiciones de arrendamiento  <\/h3>\t\t\t\t<\/div>\n\t\t\t\t<\/div>\n\t\t\t\t<div class=\"elementor-element elementor-element-3998ee2 elementor-widget elementor-widget-text-editor\" data-id=\"3998ee2\" data-element_type=\"widget\" data-widget_type=\"text-editor.default\">\n\t\t\t\t<div class=\"elementor-widget-container\">\n\t\t\t\t\t\t\t\t\t<p>Aunque la mayor\u00eda de los proveedores de self-storage ofrecen contratos flexibles, es esencial leer atentamente las condiciones. Algunas ofertas exigen un periodo m\u00ednimo de compromiso (un mes, tres meses o incluso m\u00e1s), o imponen un estricto plazo de preaviso para rescindir el contrato. Tambi\u00e9n hay que comprobar las cl\u00e1usulas relativas a los seguros, las modalidades de acceso (horarios de apertura, cierres excepcionales) y las penalizaciones por demora en el pago. La transparencia de las condiciones var\u00eda de un proveedor a otro, y es importante hacer todas las preguntas necesarias antes de firmar.   <\/p>\t\t\t\t\t\t\t\t<\/div>\n\t\t\t\t<\/div>\n\t\t\t\t<\/div>\n\t\t\t\t<\/div>\n\t\t\t\t<\/div>\n\t\t<div class=\"elementor-element elementor-element-50d1a59 e-con-full e-flex e-con e-child\" data-id=\"50d1a59\" data-element_type=\"container\">\n\t\t\t\t<div class=\"elementor-element elementor-element-436d99e elementor-widget elementor-widget-image\" data-id=\"436d99e\" data-element_type=\"widget\" data-widget_type=\"image.default\">\n\t\t\t\t<div class=\"elementor-widget-container\">\n\t\t\t\t\t\t\t\t\t\t\t\t\t\t\t<img decoding=\"async\" width=\"1024\" height=\"768\" src=\"https:\/\/stockeet.ch\/wp-content\/uploads\/2025\/04\/Avantages-dune-cave-traditionnelle--1024x768.jpg\" class=\"attachment-large size-large wp-image-4702\" alt=\"\" srcset=\"https:\/\/stockeet.ch\/wp-content\/uploads\/2025\/04\/Avantages-dune-cave-traditionnelle--1024x768.jpg 1024w, https:\/\/stockeet.ch\/wp-content\/uploads\/2025\/04\/Avantages-dune-cave-traditionnelle--300x225.jpg 300w, https:\/\/stockeet.ch\/wp-content\/uploads\/2025\/04\/Avantages-dune-cave-traditionnelle--768x576.jpg 768w, https:\/\/stockeet.ch\/wp-content\/uploads\/2025\/04\/Avantages-dune-cave-traditionnelle--1536x1152.jpg 1536w, https:\/\/stockeet.ch\/wp-content\/uploads\/2025\/04\/Avantages-dune-cave-traditionnelle-.jpg 2048w\" sizes=\"(max-width: 1024px) 100vw, 1024px\" \/>\t\t\t\t\t\t\t\t\t\t\t\t\t\t\t<\/div>\n\t\t\t\t<\/div>\n\t\t\t\t<div class=\"elementor-element elementor-element-1928e76 elementor-widget elementor-widget-heading\" data-id=\"1928e76\" data-element_type=\"widget\" data-widget_type=\"heading.default\">\n\t\t\t\t<div class=\"elementor-widget-container\">\n\t\t\t\t\t<h2 class=\"elementor-heading-title elementor-size-default\">Ventajas de una bodega tradicional<\/h2>\t\t\t\t<\/div>\n\t\t\t\t<\/div>\n\t\t<div class=\"elementor-element elementor-element-1aed27f e-con-full e-flex e-con e-child\" data-id=\"1aed27f\" data-element_type=\"container\">\n\t\t<div class=\"elementor-element elementor-element-de806ea e-con-full e-flex e-con e-child\" data-id=\"de806ea\" data-element_type=\"container\">\n\t\t\t\t<div class=\"elementor-element elementor-element-36894ef elementor-widget elementor-widget-heading\" data-id=\"36894ef\" data-element_type=\"widget\" data-widget_type=\"heading.default\">\n\t\t\t\t<div class=\"elementor-widget-container\">\n\t\t\t\t\t<h3 class=\"elementor-heading-title elementor-size-default\">Proximidad  <\/h3>\t\t\t\t<\/div>\n\t\t\t\t<\/div>\n\t\t\t\t<div class=\"elementor-element elementor-element-84de62d elementor-widget elementor-widget-text-editor\" data-id=\"84de62d\" data-element_type=\"widget\" data-widget_type=\"text-editor.default\">\n\t\t\t\t<div class=\"elementor-widget-container\">\n\t\t\t\t\t\t\t\t\t<p>Si vives en un edificio con s\u00f3tano, tienes acceso inmediato sin tener que desplazarte demasiado lejos. Esto es especialmente \u00fatil para las personas mayores, las familias con ni\u00f1os o las personas con movilidad reducida. Poder acceder a su espacio de almacenamiento sin tener que coger el coche o planificar un viaje es una gran ventaja en la vida cotidiana. Tambi\u00e9n significa que puede gestionar su almacenamiento de forma espont\u00e1nea y flexible, dejando o recogiendo cosas seg\u00fan surja la necesidad.   <\/p>\t\t\t\t\t\t\t\t<\/div>\n\t\t\t\t<\/div>\n\t\t\t\t<\/div>\n\t\t\t\t<\/div>\n\t\t<div class=\"elementor-element elementor-element-282cdf3 e-con-full e-flex e-con e-child\" data-id=\"282cdf3\" data-element_type=\"container\">\n\t\t<div class=\"elementor-element elementor-element-04bd1a6 e-con-full e-flex e-con e-child\" data-id=\"04bd1a6\" data-element_type=\"container\">\n\t\t\t\t<div class=\"elementor-element elementor-element-fc938bc elementor-widget elementor-widget-heading\" data-id=\"fc938bc\" data-element_type=\"widget\" data-widget_type=\"heading.default\">\n\t\t\t\t<div class=\"elementor-widget-container\">\n\t\t\t\t\t<h3 class=\"elementor-heading-title elementor-size-default\">Un presupuesto m\u00e1s asequible  <\/h3>\t\t\t\t<\/div>\n\t\t\t\t<\/div>\n\t\t\t\t<div class=\"elementor-element elementor-element-fe293e0 elementor-widget elementor-widget-text-editor\" data-id=\"fe293e0\" data-element_type=\"widget\" data-widget_type=\"text-editor.default\">\n\t\t\t\t<div class=\"elementor-widget-container\">\n\t\t\t\t\t\t\t\t\t<p>El coste de un s\u00f3tano suele estar incluido en el alquiler o seguir siendo bajo, lo que puede ser una soluci\u00f3n rentable. A diferencia de los centros de autoalmacenamiento, que cobran por metro cuadrado o c\u00fabico, el uso de un s\u00f3tano no suele conllevar costes adicionales. Esto lo convierte en una opci\u00f3n atractiva para estudiantes, j\u00f3venes profesionales o cualquier persona con un presupuesto limitado. Aunque la superficie sea peque\u00f1a, el ahorro mensual puede ser importante a largo plazo.   <\/p>\t\t\t\t\t\t\t\t<\/div>\n\t\t\t\t<\/div>\n\t\t\t\t<\/div>\n\t\t\t\t<\/div>\n\t\t<div class=\"elementor-element elementor-element-ec65ffd e-con-full e-flex e-con e-child\" data-id=\"ec65ffd\" data-element_type=\"container\">\n\t\t<div class=\"elementor-element elementor-element-adabec5 e-con-full e-flex e-con e-child\" data-id=\"adabec5\" data-element_type=\"container\">\n\t\t\t\t<div class=\"elementor-element elementor-element-79ac197 elementor-widget elementor-widget-heading\" data-id=\"79ac197\" data-element_type=\"widget\" data-widget_type=\"heading.default\">\n\t\t\t\t<div class=\"elementor-widget-container\">\n\t\t\t\t\t<h3 class=\"elementor-heading-title elementor-size-default\">Simplicidad administrativa  <\/h3>\t\t\t\t<\/div>\n\t\t\t\t<\/div>\n\t\t\t\t<div class=\"elementor-element elementor-element-2252d7e elementor-widget elementor-widget-text-editor\" data-id=\"2252d7e\" data-element_type=\"widget\" data-widget_type=\"text-editor.default\">\n\t\t\t\t<div class=\"elementor-widget-container\">\n\t\t\t\t\t\t\t\t\t<p>Por lo general, no se requieren formalidades complejas, ya que el s\u00f3tano est\u00e1 directamente vinculado al contrato de arrendamiento del piso o casa. No es necesario firmar un contrato adicional, aportar documentos o gestionar una log\u00edstica complicada. Una vez firmado el contrato de arrendamiento, tendr\u00e1 autom\u00e1ticamente acceso a la bodega, lo que reduce los tr\u00e1mites burocr\u00e1ticos y los costes adicionales. Esta sencillez resulta atractiva para quienes buscan una soluci\u00f3n de almacenamiento f\u00e1cil de instalar, sin condiciones especiales ni compromisos contractuales.   <\/p>\t\t\t\t\t\t\t\t<\/div>\n\t\t\t\t<\/div>\n\t\t\t\t<\/div>\n\t\t\t\t<\/div>\n\t\t\t\t<\/div>\n\t\t<div class=\"elementor-element elementor-element-5024922 e-con-full e-flex e-con e-child\" data-id=\"5024922\" data-element_type=\"container\">\n\t\t\t\t<div class=\"elementor-element elementor-element-4d60ee2 elementor-widget elementor-widget-heading\" data-id=\"4d60ee2\" data-element_type=\"widget\" data-widget_type=\"heading.default\">\n\t\t\t\t<div class=\"elementor-widget-container\">\n\t\t\t\t\t<h2 class=\"elementor-heading-title elementor-size-default\">Desventajas de una bodega tradicional  <\/h2>\t\t\t\t<\/div>\n\t\t\t\t<\/div>\n\t\t<div class=\"elementor-element elementor-element-cc5e571 e-con-full e-flex e-con e-child\" data-id=\"cc5e571\" data-element_type=\"container\">\n\t\t<div class=\"elementor-element elementor-element-afd4201 e-con-full e-flex e-con e-child\" data-id=\"afd4201\" data-element_type=\"container\">\n\t\t\t\t<div class=\"elementor-element elementor-element-2dda87d elementor-widget elementor-widget-heading\" data-id=\"2dda87d\" data-element_type=\"widget\" data-widget_type=\"heading.default\">\n\t\t\t\t<div class=\"elementor-widget-container\">\n\t\t\t\t\t<h3 class=\"elementor-heading-title elementor-size-default\">Seguridad limitada  <\/h3>\t\t\t\t<\/div>\n\t\t\t\t<\/div>\n\t\t\t\t<div class=\"elementor-element elementor-element-e72de4c elementor-widget elementor-widget-text-editor\" data-id=\"e72de4c\" data-element_type=\"widget\" data-widget_type=\"text-editor.default\">\n\t\t\t\t<div class=\"elementor-widget-container\">\n\t\t\t\t\t\t\t\t\t<p>Los s\u00f3tanos de los edificios rara vez disponen de un sistema de seguridad eficaz. El cierre suele ser rudimentario, con simples cerraduras o candados que pueden burlarse f\u00e1cilmente en caso de intento de robo. Adem\u00e1s, el acceso a los s\u00f3tanos suele compartirse entre varios residentes, lo que aumenta el n\u00famero de idas y venidas y dificulta el control de las personas autorizadas a entrar. A falta de videovigilancia o de iluminaci\u00f3n autom\u00e1tica, los s\u00f3tanos siguen siendo zonas oscuras y poco vigiladas, lo que aumenta considerablemente el riesgo de robo, vandalismo o intrusi\u00f3n.   <\/p>\t\t\t\t\t\t\t\t<\/div>\n\t\t\t\t<\/div>\n\t\t\t\t<\/div>\n\t\t\t\t<\/div>\n\t\t<div class=\"elementor-element elementor-element-c0d4f61 e-con-full e-flex e-con e-child\" data-id=\"c0d4f61\" data-element_type=\"container\">\n\t\t<div class=\"elementor-element elementor-element-b20a019 e-con-full e-flex e-con e-child\" data-id=\"b20a019\" data-element_type=\"container\">\n\t\t\t\t<div class=\"elementor-element elementor-element-ce76fb8 elementor-widget elementor-widget-heading\" data-id=\"ce76fb8\" data-element_type=\"widget\" data-widget_type=\"heading.default\">\n\t\t\t\t<div class=\"elementor-widget-container\">\n\t\t\t\t\t<h3 class=\"elementor-heading-title elementor-size-default\">Humedad y variaciones clim\u00e1ticas  <\/h3>\t\t\t\t<\/div>\n\t\t\t\t<\/div>\n\t\t\t\t<div class=\"elementor-element elementor-element-a6986bb elementor-widget elementor-widget-text-editor\" data-id=\"a6986bb\" data-element_type=\"widget\" data-widget_type=\"text-editor.default\">\n\t\t\t\t<div class=\"elementor-widget-container\">\n\t\t\t\t\t\t\t\t\t<p>Los s\u00f3tanos pueden estar expuestos a filtraciones de agua subterr\u00e1nea, humedad ambiental excesiva e importantes variaciones de temperatura entre invierno y verano. Estas condiciones crean un entorno poco propicio para la conservaci\u00f3n de bienes, especialmente materiales sensibles como papel, textiles, cuero, equipos electr\u00f3nicos o instrumentos musicales. El moho, los malos olores e incluso la oxidaci\u00f3n pueden aparecer r\u00e1pidamente si la ventilaci\u00f3n es insuficiente o inexistente. Por eso es aconsejable evitar almacenar objetos fr\u00e1giles o valiosos sin la protecci\u00f3n adecuada.   <\/p>\t\t\t\t\t\t\t\t<\/div>\n\t\t\t\t<\/div>\n\t\t\t\t<\/div>\n\t\t\t\t<\/div>\n\t\t<div class=\"elementor-element elementor-element-4de3884 e-con-full e-flex e-con e-child\" data-id=\"4de3884\" data-element_type=\"container\">\n\t\t<div class=\"elementor-element elementor-element-2b25bb9 e-con-full e-flex e-con e-child\" data-id=\"2b25bb9\" data-element_type=\"container\">\n\t\t\t\t<div class=\"elementor-element elementor-element-ef2952d elementor-widget elementor-widget-heading\" data-id=\"ef2952d\" data-element_type=\"widget\" data-widget_type=\"heading.default\">\n\t\t\t\t<div class=\"elementor-widget-container\">\n\t\t\t\t\t<h3 class=\"elementor-heading-title elementor-size-default\">Acceso dif\u00edcil<\/h3>\t\t\t\t<\/div>\n\t\t\t\t<\/div>\n\t\t\t\t<div class=\"elementor-element elementor-element-bee756f elementor-widget elementor-widget-text-editor\" data-id=\"bee756f\" data-element_type=\"widget\" data-widget_type=\"text-editor.default\">\n\t\t\t\t<div class=\"elementor-widget-container\">\n\t\t\t\t\t\t\t\t\t<p>En muchos edificios antiguos, el acceso al s\u00f3tano se realiza \u00fanicamente a trav\u00e9s de escaleras estrechas, a veces mal iluminadas o resbaladizas, que dificultan la manipulaci\u00f3n de muebles voluminosos, electrodom\u00e9sticos o cajas pesadas. La falta de montacargas o ascensor dificulta a\u00fan m\u00e1s esta operaci\u00f3n para las personas mayores o con movilidad reducida. Cuando hay que hacer varios viajes de ida y vuelta con el veh\u00edculo aparcado en el exterior, el proceso se vuelve r\u00e1pidamente tedioso y lento, sobre todo en invierno o cuando llueve.  <\/p>\t\t\t\t\t\t\t\t<\/div>\n\t\t\t\t<\/div>\n\t\t\t\t<\/div>\n\t\t\t\t<\/div>\n\t\t<div class=\"elementor-element elementor-element-f408268 e-con-full e-flex e-con e-child\" data-id=\"f408268\" data-element_type=\"container\">\n\t\t<div class=\"elementor-element elementor-element-398f2a7 e-con-full e-flex e-con e-child\" data-id=\"398f2a7\" data-element_type=\"container\">\n\t\t\t\t<div class=\"elementor-element elementor-element-b8788ae elementor-widget elementor-widget-heading\" data-id=\"b8788ae\" data-element_type=\"widget\" data-widget_type=\"heading.default\">\n\t\t\t\t<div class=\"elementor-widget-container\">\n\t\t\t\t\t<h3 class=\"elementor-heading-title elementor-size-default\">Superficie fija y limitada<\/h3>\t\t\t\t<\/div>\n\t\t\t\t<\/div>\n\t\t\t\t<div class=\"elementor-element elementor-element-b23fa2f elementor-widget elementor-widget-text-editor\" data-id=\"b23fa2f\" data-element_type=\"widget\" data-widget_type=\"text-editor.default\">\n\t\t\t\t<div class=\"elementor-widget-container\">\n\t\t\t\t\t\t\t\t\t<p>Los tama\u00f1os de los s\u00f3tanos suelen definirse cuando se construye el edificio y no pueden modificarse. Si las necesidades de almacenamiento cambian, suele ser imposible conseguir m\u00e1s espacio sin mudarse. Esto obliga a los usuarios a apilar objetos o a renunciar a almacenar determinados art\u00edculos. Adem\u00e1s, la disposici\u00f3n de los locales (techos bajos, columnas, tuber\u00edas) puede limitar el uso pr\u00e1ctico de todo el espacio disponible. Tampoco existe la posibilidad de compartimentar o compartimentar como en los modernos centros de autoalmacenamiento.    <\/p>\t\t\t\t\t\t\t\t<\/div>\n\t\t\t\t<\/div>\n\t\t\t\t<\/div>\n\t\t\t\t<\/div>\n\t\t\t\t<\/div>\n\t\t<div class=\"elementor-element elementor-element-e7ef175 e-con-full e-flex e-con e-child\" data-id=\"e7ef175\" data-element_type=\"container\">\n\t\t\t\t<div class=\"elementor-element elementor-element-599f233 elementor-widget elementor-widget-image\" data-id=\"599f233\" data-element_type=\"widget\" data-widget_type=\"image.default\">\n\t\t\t\t<div class=\"elementor-widget-container\">\n\t\t\t\t\t\t\t\t\t\t\t\t\t\t\t<img loading=\"lazy\" decoding=\"async\" width=\"1024\" height=\"683\" src=\"https:\/\/stockeet.ch\/wp-content\/uploads\/2025\/04\/Securite-et-assurances--1024x683.jpg\" class=\"attachment-large size-large wp-image-4629\" alt=\"\" srcset=\"https:\/\/stockeet.ch\/wp-content\/uploads\/2025\/04\/Securite-et-assurances--1024x683.jpg 1024w, https:\/\/stockeet.ch\/wp-content\/uploads\/2025\/04\/Securite-et-assurances--300x200.jpg 300w, https:\/\/stockeet.ch\/wp-content\/uploads\/2025\/04\/Securite-et-assurances--768x512.jpg 768w, https:\/\/stockeet.ch\/wp-content\/uploads\/2025\/04\/Securite-et-assurances--1536x1024.jpg 1536w, https:\/\/stockeet.ch\/wp-content\/uploads\/2025\/04\/Securite-et-assurances-.jpg 1920w\" sizes=\"(max-width: 1024px) 100vw, 1024px\" \/>\t\t\t\t\t\t\t\t\t\t\t\t\t\t\t<\/div>\n\t\t\t\t<\/div>\n\t\t\t\t<div class=\"elementor-element elementor-element-e7dc737 elementor-widget elementor-widget-heading\" data-id=\"e7dc737\" data-element_type=\"widget\" data-widget_type=\"heading.default\">\n\t\t\t\t<div class=\"elementor-widget-container\">\n\t\t\t\t\t<h2 class=\"elementor-heading-title elementor-size-default\">Seguridad y seguros<\/h2>\t\t\t\t<\/div>\n\t\t\t\t<\/div>\n\t\t<div class=\"elementor-element elementor-element-4d31c98 e-con-full e-flex e-con e-child\" data-id=\"4d31c98\" data-element_type=\"container\">\n\t\t\t\t<div class=\"elementor-element elementor-element-46e58ab elementor-widget elementor-widget-heading\" data-id=\"46e58ab\" data-element_type=\"widget\" data-widget_type=\"heading.default\">\n\t\t\t\t<div class=\"elementor-widget-container\">\n\t\t\t\t\t<h3 class=\"elementor-heading-title elementor-size-default\">En un cub\u00edculo  <\/h3>\t\t\t\t<\/div>\n\t\t\t\t<\/div>\n\t\t\t\t<div class=\"elementor-element elementor-element-1791663 elementor-widget elementor-widget-text-editor\" data-id=\"1791663\" data-element_type=\"widget\" data-widget_type=\"text-editor.default\">\n\t\t\t\t<div class=\"elementor-widget-container\">\n\t\t\t\t\t\t\t\t\t<p>Los bienes almacenados pueden estar cubiertos por un seguro espec\u00edfico contratado con el proveedor de servicios de almacenamiento o por una ampliaci\u00f3n del seguro del hogar del cliente. Es fundamental comprobar las exclusiones de la cobertura (valor m\u00e1ximo asegurado, tipos de objetos cubiertos, condiciones de declaraci\u00f3n). <\/p>\t\t\t\t\t\t\t\t<\/div>\n\t\t\t\t<\/div>\n\t\t\t\t<\/div>\n\t\t<div class=\"elementor-element elementor-element-7ebb927 e-con-full e-flex e-con e-child\" data-id=\"7ebb927\" data-element_type=\"container\">\n\t\t\t\t<div class=\"elementor-element elementor-element-be2b730 elementor-widget elementor-widget-heading\" data-id=\"be2b730\" data-element_type=\"widget\" data-widget_type=\"heading.default\">\n\t\t\t\t<div class=\"elementor-widget-container\">\n\t\t\t\t\t<h3 class=\"elementor-heading-title elementor-size-default\">En un s\u00f3tano  <\/h3>\t\t\t\t<\/div>\n\t\t\t\t<\/div>\n\t\t\t\t<div class=\"elementor-element elementor-element-354503e elementor-widget elementor-widget-text-editor\" data-id=\"354503e\" data-element_type=\"widget\" data-widget_type=\"text-editor.default\">\n\t\t\t\t<div class=\"elementor-widget-container\">\n\t\t\t\t\t\t\t\t\t<p>En principio, el seguro de hogar cubre los bienes guardados en el s\u00f3tano, pero con l\u00edmites importantes, sobre todo en caso de da\u00f1os por agua, humedad o robo. Debes ponerte en contacto con tu aseguradora para ajustar la p\u00f3liza si es necesario. <\/p>\t\t\t\t\t\t\t\t<\/div>\n\t\t\t\t<\/div>\n\t\t\t\t<div class=\"elementor-element elementor-element-e0816c8 elementor-widget elementor-widget-heading\" data-id=\"e0816c8\" data-element_type=\"widget\" data-widget_type=\"heading.default\">\n\t\t\t\t<div class=\"elementor-widget-container\">\n\t\t\t\t\t<h3 class=\"elementor-heading-title elementor-size-default\">Buenas pr\u00e1cticas<\/h3>\t\t\t\t<\/div>\n\t\t\t\t<\/div>\n\t\t\t\t<div class=\"elementor-element elementor-element-c6aae56 elementor-widget elementor-widget-text-editor\" data-id=\"c6aae56\" data-element_type=\"widget\" data-widget_type=\"text-editor.default\">\n\t\t\t\t<div class=\"elementor-widget-container\">\n\t\t\t\t\t\t\t\t\t<ul class=\"ul1\"><li class=\"li1\"><b>Nunca almacenes directamente en el suelo<\/b>: utiliza pal\u00e9s o estanter\u00edas.<\/li><li class=\"li1\"><b>Haz un inventario y saca fotos<\/b>: De cada objeto almacenado.<\/li><li class=\"li1\"><b>Evite guardar objetos de gran valor<\/b>: En una zona no segura.<\/li><\/ul>\t\t\t\t\t\t\t\t<\/div>\n\t\t\t\t<\/div>\n\t\t\t\t<\/div>\n\t\t\t\t<\/div>\n\t\t<div class=\"elementor-element elementor-element-25d970e e-con-full e-flex e-con e-child\" data-id=\"25d970e\" data-element_type=\"container\">\n\t\t\t\t<div class=\"elementor-element elementor-element-f4a9bbc elementor-widget elementor-widget-image\" data-id=\"f4a9bbc\" data-element_type=\"widget\" data-widget_type=\"image.default\">\n\t\t\t\t<div class=\"elementor-widget-container\">\n\t\t\t\t\t\t\t\t\t\t\t\t\t\t\t<img loading=\"lazy\" decoding=\"async\" width=\"1024\" height=\"683\" src=\"https:\/\/stockeet.ch\/wp-content\/uploads\/2025\/04\/Criteres-pour-bien-choisir--1024x683.jpg\" class=\"attachment-large size-large wp-image-4617\" alt=\"\" srcset=\"https:\/\/stockeet.ch\/wp-content\/uploads\/2025\/04\/Criteres-pour-bien-choisir--1024x683.jpg 1024w, https:\/\/stockeet.ch\/wp-content\/uploads\/2025\/04\/Criteres-pour-bien-choisir--300x200.jpg 300w, https:\/\/stockeet.ch\/wp-content\/uploads\/2025\/04\/Criteres-pour-bien-choisir--768x512.jpg 768w, https:\/\/stockeet.ch\/wp-content\/uploads\/2025\/04\/Criteres-pour-bien-choisir--1536x1024.jpg 1536w, https:\/\/stockeet.ch\/wp-content\/uploads\/2025\/04\/Criteres-pour-bien-choisir-.jpg 1920w\" sizes=\"(max-width: 1024px) 100vw, 1024px\" \/>\t\t\t\t\t\t\t\t\t\t\t\t\t\t\t<\/div>\n\t\t\t\t<\/div>\n\t\t\t\t<div class=\"elementor-element elementor-element-6bea122 elementor-widget elementor-widget-heading\" data-id=\"6bea122\" data-element_type=\"widget\" data-widget_type=\"heading.default\">\n\t\t\t\t<div class=\"elementor-widget-container\">\n\t\t\t\t\t<h2 class=\"elementor-heading-title elementor-size-default\">Criterios para elegir bien<\/h2>\t\t\t\t<\/div>\n\t\t\t\t<\/div>\n\t\t\t\t<div class=\"elementor-element elementor-element-32ad0e0 elementor-widget elementor-widget-text-editor\" data-id=\"32ad0e0\" data-element_type=\"widget\" data-widget_type=\"text-editor.default\">\n\t\t\t\t<div class=\"elementor-widget-container\">\n\t\t\t\t\t\t\t\t\t<p>Antes de decidirse entre un trastero o un s\u00f3tano, es esencial dedicar tiempo a reflexionar sobre sus necesidades reales, sus limitaciones personales y el tipo de bienes que desea almacenar. La elecci\u00f3n correcta depende de una serie de factores que, combinados, le conducir\u00e1n de forma natural a la soluci\u00f3n m\u00e1s adecuada. <\/p>\t\t\t\t\t\t\t\t<\/div>\n\t\t\t\t<\/div>\n\t\t\t\t<div class=\"elementor-element elementor-element-3ccce8c elementor-widget elementor-widget-text-editor\" data-id=\"3ccce8c\" data-element_type=\"widget\" data-widget_type=\"text-editor.default\">\n\t\t\t\t<div class=\"elementor-widget-container\">\n\t\t\t\t\t\t\t\t\t<ul class=\"ul1\">\n \t<li class=\"li1\"><b>\u00bfCu\u00e1l es mi presupuesto mensual m\u00e1ximo<\/b>: para espacio de almacenamiento? \u00bfPuedo permitirme un coste fijo durante varios meses si es necesario? <\/li>\n \t<li class=\"li1\"><b>\u00bfCon qu\u00e9 frecuencia debo acceder a mi propiedad?<\/b>  \u00bfUna vez al mes, a la semana o todos los d\u00edas?<\/li>\n \t<li class=\"li1\">\u00bfLos <b>objetos que se van a almacenar son fr\u00e1giles o sensibles a la humedad<\/b>, o tienen un valor sentimental o econ\u00f3mico importante?<\/li>\n \t<li class=\"li1\"><b>\u00bfNecesito esta soluci\u00f3n para un periodo muy corto<\/b> (de unos d\u00edas a unas semanas) o para un periodo largo (de varios meses a varios a\u00f1os)?<\/li>\n \t<li class=\"li1\">\u00bfEstoy <b>dispuesto a conducir de 15 a 30 minutos<\/b>: para llegar a mis pertenencias si ello me garantiza un lugar limpio, seguro y bien organizado? \u00bfO me supone un gran obst\u00e1culo log\u00edstico? <\/li>\n \t<li class=\"li1\"><b>\u00bfNecesito accesorios o servicios adicionales<\/b> (aire acondicionado, montacargas, aparcamiento, entrega de paquetes)?<\/li>\n<\/ul>\t\t\t\t\t\t\t\t<\/div>\n\t\t\t\t<\/div>\n\t\t\t\t<div class=\"elementor-element elementor-element-0c722b2 elementor-widget elementor-widget-text-editor\" data-id=\"0c722b2\" data-element_type=\"widget\" data-widget_type=\"text-editor.default\">\n\t\t\t\t<div class=\"elementor-widget-container\">\n\t\t\t\t\t\t\t\t\t<p>La elecci\u00f3n entre bodega y caja variar\u00e1 en funci\u00f3n de tu perfil:<\/p>\t\t\t\t\t\t\t\t<\/div>\n\t\t\t\t<\/div>\n\t\t\t\t<div class=\"elementor-element elementor-element-450cdd2 elementor-widget elementor-widget-text-editor\" data-id=\"450cdd2\" data-element_type=\"widget\" data-widget_type=\"text-editor.default\">\n\t\t\t\t<div class=\"elementor-widget-container\">\n\t\t\t\t\t\t\t\t\t<ul class=\"ul1\">\n \t<li class=\"li1\"><b>Un particular<\/b> que necesite guardar <b>material deportivo, cajas de cart\u00f3n o art\u00edculos de temporada<\/b> preferir\u00e1 probablemente la practicidad de un s\u00f3tano.<\/li>\n \t<li class=\"li1\"><b>Profesionales<\/b>: quienes deseen almacenar <b>equipos fr\u00e1giles, herramientas caras o archivos sensibles<\/b> deben optar por una unidad segura con condiciones \u00f3ptimas de almacenamiento.<\/li>\n<\/ul>\t\t\t\t\t\t\t\t<\/div>\n\t\t\t\t<\/div>\n\t\t\t\t<div class=\"elementor-element elementor-element-388da39 elementor-widget elementor-widget-text-editor\" data-id=\"388da39\" data-element_type=\"widget\" data-widget_type=\"text-editor.default\">\n\t\t\t\t<div class=\"elementor-widget-container\">\n\t\t\t\t\t\t\t\t\t<p>Por \u00faltimo, no olvides anticiparte a futuros cambios: es mejor elegir una soluci\u00f3n que te deje margen de maniobra, en lugar de tener que cambiar a mitad de camino por falta de espacio o accesibilidad.<\/p>\t\t\t\t\t\t\t\t<\/div>\n\t\t\t\t<\/div>\n\t\t\t\t<\/div>\n\t\t<div class=\"elementor-element elementor-element-6de87cc e-con-full e-flex e-con e-child\" data-id=\"6de87cc\" data-element_type=\"container\">\n\t\t\t\t<div class=\"elementor-element elementor-element-9e0c233 elementor-widget elementor-widget-image\" data-id=\"9e0c233\" data-element_type=\"widget\" data-widget_type=\"image.default\">\n\t\t\t\t<div class=\"elementor-widget-container\">\n\t\t\t\t\t\t\t\t\t\t\t\t\t\t\t<img loading=\"lazy\" decoding=\"async\" width=\"1024\" height=\"683\" src=\"https:\/\/stockeet.ch\/wp-content\/uploads\/2025\/04\/Box-ou-cave-quelle-solution-est-faite-pour-vous--1024x683.jpg\" class=\"attachment-large size-large wp-image-4611\" alt=\"\" srcset=\"https:\/\/stockeet.ch\/wp-content\/uploads\/2025\/04\/Box-ou-cave-quelle-solution-est-faite-pour-vous--1024x683.jpg 1024w, https:\/\/stockeet.ch\/wp-content\/uploads\/2025\/04\/Box-ou-cave-quelle-solution-est-faite-pour-vous--300x200.jpg 300w, https:\/\/stockeet.ch\/wp-content\/uploads\/2025\/04\/Box-ou-cave-quelle-solution-est-faite-pour-vous--768x512.jpg 768w, https:\/\/stockeet.ch\/wp-content\/uploads\/2025\/04\/Box-ou-cave-quelle-solution-est-faite-pour-vous--1536x1025.jpg 1536w, https:\/\/stockeet.ch\/wp-content\/uploads\/2025\/04\/Box-ou-cave-quelle-solution-est-faite-pour-vous-.jpg 1920w\" sizes=\"(max-width: 1024px) 100vw, 1024px\" \/>\t\t\t\t\t\t\t\t\t\t\t\t\t\t\t<\/div>\n\t\t\t\t<\/div>\n\t\t\t\t<div class=\"elementor-element elementor-element-68e687e elementor-widget elementor-widget-heading\" data-id=\"68e687e\" data-element_type=\"widget\" data-widget_type=\"heading.default\">\n\t\t\t\t<div class=\"elementor-widget-container\">\n\t\t\t\t\t<h2 class=\"elementor-heading-title elementor-size-default\">Caja o s\u00f3tano: \u00bfqu\u00e9 soluci\u00f3n le conviene?<\/h2>\t\t\t\t<\/div>\n\t\t\t\t<\/div>\n\t\t\t\t<div class=\"elementor-element elementor-element-aa04a15 elementor-widget elementor-widget-text-editor\" data-id=\"aa04a15\" data-element_type=\"widget\" data-widget_type=\"text-editor.default\">\n\t\t\t\t<div class=\"elementor-widget-container\">\n\t\t\t\t\t\t\t\t\t<p>Si necesita un espacio de almacenamiento puntual, barato, de f\u00e1cil acceso y situado en las inmediaciones de su casa, un s\u00f3tano puede ser todo lo que necesita. Es especialmente adecuado para objetos de uso cotidiano, como enseres de temporada, cajas de archivos personales, maletas y material deportivo. Ofrece una gran comodidad log\u00edstica, sobre todo para las personas que viven en pisos y quieren acceder r\u00e1pidamente a sus pertenencias sin tener que mudarse ni suscribir un contrato adicional.  <\/p>\t\t\t\t\t\t\t\t<\/div>\n\t\t\t\t<\/div>\n\t\t\t\t<div class=\"elementor-element elementor-element-f07c168 elementor-widget elementor-widget-text-editor\" data-id=\"f07c168\" data-element_type=\"widget\" data-widget_type=\"text-editor.default\">\n\t\t\t\t<div class=\"elementor-widget-container\">\n\t\t\t\t\t\t\t\t\t<p>En cambio, si sus pertenencias son valiosas, requieren condiciones especiales de almacenamiento (temperatura estable, protecci\u00f3n contra la humedad) o si necesita acceder a ellas con regularidad en distintos momentos, le recomendamos encarecidamente que utilice una unidad de almacenamiento. Las unidades de almacenamiento tambi\u00e9n son ideales para objetos voluminosos, equipos profesionales o colecciones que requieren un espacio limpio, ventilado y seguro. <\/p>\t\t\t\t\t\t\t\t<\/div>\n\t\t\t\t<\/div>\n\t\t\t\t<div class=\"elementor-element elementor-element-4cc5cd7 elementor-widget elementor-widget-text-editor\" data-id=\"4cc5cd7\" data-element_type=\"widget\" data-widget_type=\"text-editor.default\">\n\t\t\t\t<div class=\"elementor-widget-container\">\n\t\t\t\t\t\t\t\t\t<p>Lo mejor es comparar las ofertas disponibles localmente, tanto en Internet como visitando los centros de almacenamiento. No dudes en pedir fotos recientes, leer atentamente las condiciones contractuales y hacer preguntas sobre los seguros incluidos, las modalidades de acceso o los gastos adicionales. Este trabajo previo te permitir\u00e1 evitar sorpresas desagradables y optar por la soluci\u00f3n que realmente se adapte a tus necesidades actuales y futuras.  <\/p>\t\t\t\t\t\t\t\t<\/div>\n\t\t\t\t<\/div>\n\t\t\t\t<div class=\"elementor-element elementor-element-f69d3a6 elementor-widget elementor-widget-text-editor\" data-id=\"f69d3a6\" data-element_type=\"widget\" data-widget_type=\"text-editor.default\">\n\t\t\t\t<div class=\"elementor-widget-container\">\n\t\t\t\t\t\t\t\t\t<p>En resumen, elegir entre una bodega y una caja depende de varios factores:<\/p>\t\t\t\t\t\t\t\t<\/div>\n\t\t\t\t<\/div>\n\t\t\t\t<div class=\"elementor-element elementor-element-7c10872 elementor-widget elementor-widget-text-editor\" data-id=\"7c10872\" data-element_type=\"widget\" data-widget_type=\"text-editor.default\">\n\t\t\t\t<div class=\"elementor-widget-container\">\n\t\t\t\t\t\t\t\t\t<ul class=\"ul1\"><li class=\"li1\"><b>El volumen y la naturaleza de las mercanc\u00edas que se van a almacenar.<\/b><\/li><li class=\"li1\"><b>Frecuencia de acceso.<\/b><\/li><li class=\"li1\"><b>El nivel de seguridad deseado.<\/b><\/li><li class=\"li1\"><b>La duraci\u00f3n del almacenamiento.<\/b><\/li><li class=\"li1\"><b>El presupuesto asignado.<\/b><\/li><\/ul>\t\t\t\t\t\t\t\t<\/div>\n\t\t\t\t<\/div>\n\t\t\t\t<div class=\"elementor-element elementor-element-3174b1c elementor-widget elementor-widget-text-editor\" data-id=\"3174b1c\" data-element_type=\"widget\" data-widget_type=\"text-editor.default\">\n\t\t\t\t<div class=\"elementor-widget-container\">\n\t\t\t\t\t\t\t\t\t<p>Para el almacenamiento a corto plazo con poco en juego, el s\u00f3tano sigue siendo una opci\u00f3n pr\u00e1ctica. Para el almacenamiento a largo plazo o de bienes delicados, se recomienda claramente una unidad de almacenamiento. <\/p>\t\t\t\t\t\t\t\t<\/div>\n\t\t\t\t<\/div>\n\t\t\t\t<div class=\"elementor-element elementor-element-fa9f351 elementor-widget elementor-widget-text-editor\" data-id=\"fa9f351\" data-element_type=\"widget\" data-widget_type=\"text-editor.default\">\n\t\t\t\t<div class=\"elementor-widget-container\">\n\t\t\t\t\t\t\t\t\t<p>T\u00f3mese su tiempo para definir bien sus necesidades antes de comprometerse. \u00a1Y no dudes en comparar ofertas cerca de ti! <\/p>\t\t\t\t\t\t\t\t<\/div>\n\t\t\t\t<\/div>\n\t\t\t\t<\/div>\n\t\t<div class=\"elementor-element elementor-element-60ad6e2 e-con-full e-flex e-con e-child\" data-id=\"60ad6e2\" data-element_type=\"container\">\n\t\t\t\t<div class=\"elementor-element elementor-element-469d224 elementor-widget elementor-widget-image\" data-id=\"469d224\" data-element_type=\"widget\" data-widget_type=\"image.default\">\n\t\t\t\t<div class=\"elementor-widget-container\">\n\t\t\t\t\t\t\t\t\t\t\t\t\t\t\t<img loading=\"lazy\" decoding=\"async\" width=\"1024\" height=\"683\" src=\"https:\/\/stockeet.ch\/wp-content\/uploads\/2025\/04\/Stockeet-une-alternative-moderne-et-securisee-aux-caves-traditionnelles--1024x683.jpg\" class=\"attachment-large size-large wp-image-4635\" alt=\"\" srcset=\"https:\/\/stockeet.ch\/wp-content\/uploads\/2025\/04\/Stockeet-une-alternative-moderne-et-securisee-aux-caves-traditionnelles--1024x683.jpg 1024w, https:\/\/stockeet.ch\/wp-content\/uploads\/2025\/04\/Stockeet-une-alternative-moderne-et-securisee-aux-caves-traditionnelles--300x200.jpg 300w, https:\/\/stockeet.ch\/wp-content\/uploads\/2025\/04\/Stockeet-une-alternative-moderne-et-securisee-aux-caves-traditionnelles--768x512.jpg 768w, https:\/\/stockeet.ch\/wp-content\/uploads\/2025\/04\/Stockeet-une-alternative-moderne-et-securisee-aux-caves-traditionnelles--1536x1024.jpg 1536w, https:\/\/stockeet.ch\/wp-content\/uploads\/2025\/04\/Stockeet-une-alternative-moderne-et-securisee-aux-caves-traditionnelles--2048x1365.jpg 2048w\" sizes=\"(max-width: 1024px) 100vw, 1024px\" \/>\t\t\t\t\t\t\t\t\t\t\t\t\t\t\t<\/div>\n\t\t\t\t<\/div>\n\t\t\t\t<div class=\"elementor-element elementor-element-d5863c7 elementor-widget elementor-widget-heading\" data-id=\"d5863c7\" data-element_type=\"widget\" data-widget_type=\"heading.default\">\n\t\t\t\t<div class=\"elementor-widget-container\">\n\t\t\t\t\t<h4 class=\"elementor-heading-title elementor-size-default\">Stockeet: una alternativa moderna y segura a las bodegas tradicionales<\/h4>\t\t\t\t<\/div>\n\t\t\t\t<\/div>\n\t\t\t\t<div class=\"elementor-element elementor-element-3e477a7 elementor-widget elementor-widget-text-editor\" data-id=\"3e477a7\" data-element_type=\"widget\" data-widget_type=\"text-editor.default\">\n\t\t\t\t<div class=\"elementor-widget-container\">\n\t\t\t\t\t\t\t\t\t<p class=\"p1\">Stockeet es una empresa suiza especializada en el autoalmacenamiento, con centros modernos, limpios y seguros. Ofrece : <\/p>\t\t\t\t\t\t\t\t<\/div>\n\t\t\t\t<\/div>\n\t\t\t\t<div class=\"elementor-element elementor-element-3f8a29a elementor-widget elementor-widget-text-editor\" data-id=\"3f8a29a\" data-element_type=\"widget\" data-widget_type=\"text-editor.default\">\n\t\t\t\t<div class=\"elementor-widget-container\">\n\t\t\t\t\t\t\t\t\t<ul class=\"ul1\"><li class=\"li1\"><b>Casetas de 1 m\u00b3 a m\u00e1s de 20 m\u00b3<\/b>, para todos los perfiles.<\/li><li class=\"li1\"><b>Acceso gratuito 7 d\u00edas a la semana<\/b>, a menudo de 6.00 a 22.00 horas.<\/li><li class=\"li1\"><b>Tarifas transparentes<\/b> sin cargos ocultos.<\/li><li class=\"li1\"><b>Reserva r\u00e1pida en l\u00ednea<\/b> y servicio de atenci\u00f3n al cliente \u00e1gil.<\/li><\/ul>\t\t\t\t\t\t\t\t<\/div>\n\t\t\t\t<\/div>\n\t\t\t\t<div class=\"elementor-element elementor-element-a1f66e8 elementor-widget elementor-widget-text-editor\" data-id=\"a1f66e8\" data-element_type=\"widget\" data-widget_type=\"text-editor.default\">\n\t\t\t\t<div class=\"elementor-widget-container\">\n\t\t\t\t\t\t\t\t\t<p>Lo mejor de Stockeet :<\/p>\t\t\t\t\t\t\t\t<\/div>\n\t\t\t\t<\/div>\n\t\t\t\t<div class=\"elementor-element elementor-element-a2afc33 elementor-widget elementor-widget-text-editor\" data-id=\"a2afc33\" data-element_type=\"widget\" data-widget_type=\"text-editor.default\">\n\t\t\t\t<div class=\"elementor-widget-container\">\n\t\t\t\t\t\t\t\t\t<ul class=\"ul1\"><li class=\"li1\"><b>Videovigilancia 24 horas<\/b> y tarjetas de acceso personalizadas.<\/li><li class=\"li1\"><b>Locales secos, ventilados, bien iluminados<\/b> y bien mantenidos.<\/li><li class=\"li1\"><b>Ofertas promocionales<\/b> para nuevos clientes.<\/li><\/ul>\t\t\t\t\t\t\t\t<\/div>\n\t\t\t\t<\/div>\n\t\t\t\t<div class=\"elementor-element elementor-element-3a1e053 elementor-widget elementor-widget-text-editor\" data-id=\"3a1e053\" data-element_type=\"widget\" data-widget_type=\"text-editor.default\">\n\t\t\t\t<div class=\"elementor-widget-container\">\n\t\t\t\t\t\t\t\t\t<p>\ud83d\udcde P\u00f3ngase en contacto con Stockeet en el 021 800 30 00 para solicitar un presupuesto gratuito o una visita sin compromiso.<\/p>\t\t\t\t\t\t\t\t<\/div>\n\t\t\t\t<\/div>\n\t\t\t\t<\/div>\n\t\t<div class=\"elementor-element elementor-element-5a0f3f8 e-con-full e-flex e-con e-child\" data-id=\"5a0f3f8\" data-element_type=\"container\">\n\t\t\t\t<div class=\"elementor-element elementor-element-d9b2cf7 elementor-align-center elementor-invisible elementor-widget elementor-widget-button\" data-id=\"d9b2cf7\" data-element_type=\"widget\" data-settings=\"{&quot;_animation&quot;:&quot;fadeInUp&quot;}\" data-widget_type=\"button.default\">\n\t\t\t\t<div class=\"elementor-widget-container\">\n\t\t\t\t\t\t\t\t\t<div class=\"elementor-button-wrapper\">\n\t\t\t\t\t<a class=\"elementor-button elementor-button-link elementor-size-sm\" href=\"tel:+41218003000\" target=\"_blank\">\n\t\t\t\t\t\t<span class=\"elementor-button-content-wrapper\">\n\t\t\t\t\t\t\t\t\t<span class=\"elementor-button-text\">\u00bfTiene alguna pregunta? Ll\u00e1menos. <\/span>\n\t\t\t\t\t<\/span>\n\t\t\t\t\t<\/a>\n\t\t\t\t<\/div>\n\t\t\t\t\t\t\t\t<\/div>\n\t\t\t\t<\/div>\n\t\t\t\t<div class=\"elementor-element elementor-element-29279f5 elementor-align-center elementor-invisible elementor-widget elementor-widget-button\" data-id=\"29279f5\" data-element_type=\"widget\" data-settings=\"{&quot;_animation&quot;:&quot;fadeInUp&quot;}\" data-widget_type=\"button.default\">\n\t\t\t\t<div class=\"elementor-widget-container\">\n\t\t\t\t\t\t\t\t\t<div class=\"elementor-button-wrapper\">\n\t\t\t\t\t<a class=\"elementor-button elementor-button-link elementor-size-sm\" href=\"https:\/\/stockeet.ch\/es\/nuestras-ofertas\/\" target=\"_blank\">\n\t\t\t\t\t\t<span class=\"elementor-button-content-wrapper\">\n\t\t\t\t\t\t<span class=\"elementor-button-icon\">\n\t\t\t\t<svg xmlns=\"http:\/\/www.w3.org\/2000\/svg\" width=\"28\" height=\"8\" viewBox=\"0 0 28 8\" fill=\"none\"><path id=\"Arrow 1\" d=\"M27.3536 4.19389C27.5488 3.99863 27.5488 3.68204 27.3536 3.48678L24.1716 0.3048C23.9763 0.109538 23.6597 0.109538 23.4645 0.3048C23.2692 0.500062 23.2692 0.816645 23.4645 1.01191L26.2929 3.84033L23.4645 6.66876C23.2692 6.86402 23.2692 7.18061 23.4645 7.37587C23.6597 7.57113 23.9763 7.57113 24.1716 7.37587L27.3536 4.19389ZM-4.37114e-08 4.34033L27 4.34033L27 3.34033L4.37114e-08 3.34033L-4.37114e-08 4.34033Z\" fill=\"#F6F6F9\"><\/path><\/svg>\t\t\t<\/span>\n\t\t\t\t\t\t\t\t\t<span class=\"elementor-button-text\">Descubra nuestras ofertas<\/span>\n\t\t\t\t\t<\/span>\n\t\t\t\t\t<\/a>\n\t\t\t\t<\/div>\n\t\t\t\t\t\t\t\t<\/div>\n\t\t\t\t<\/div>\n\t\t\t\t<\/div>\n\t\t\t\t\t<\/div>\n\t\t\t\t<\/div>\n\t\t\t\t<\/div>\n\t\t","protected":false},"excerpt":{"rendered":"<p>Lea nuestra comparativa completa para elegir el espacio de almacenamiento adecuado entre un s\u00f3tano y una unidad de alquiler.<\/p>\n","protected":false},"featured_media":4727,"template":"","meta":{"_acf_changed":false},"class_list":["post-5039","article-de-blog","type-article-de-blog","status-publish","has-post-thumbnail","hentry"],"acf":[],"_links":{"self":[{"href":"https:\/\/stockeet.ch\/es\/wp-json\/wp\/v2\/article-de-blog\/5039","targetHints":{"allow":["GET"]}}],"collection":[{"href":"https:\/\/stockeet.ch\/es\/wp-json\/wp\/v2\/article-de-blog"}],"about":[{"href":"https:\/\/stockeet.ch\/es\/wp-json\/wp\/v2\/types\/article-de-blog"}],"version-history":[{"count":3,"href":"https:\/\/stockeet.ch\/es\/wp-json\/wp\/v2\/article-de-blog\/5039\/revisions"}],"predecessor-version":[{"id":5528,"href":"https:\/\/stockeet.ch\/es\/wp-json\/wp\/v2\/article-de-blog\/5039\/revisions\/5528"}],"wp:featuredmedia":[{"embeddable":true,"href":"https:\/\/stockeet.ch\/es\/wp-json\/wp\/v2\/media\/4727"}],"wp:attachment":[{"href":"https:\/\/stockeet.ch\/es\/wp-json\/wp\/v2\/media?parent=5039"}],"curies":[{"name":"wp","href":"https:\/\/api.w.org\/{rel}","templated":true}]}}